{"id":2507,"date":"2020-05-11T17:05:44","date_gmt":"2020-05-11T15:05:44","guid":{"rendered":"https:\/\/medsevens.fr\/?p=2507"},"modified":"2020-06-16T14:46:22","modified_gmt":"2020-06-16T12:46:22","slug":"les-portraits-jeremy-girard","status":"publish","type":"post","link":"https:\/\/medsevens.fr\/en\/les-portraits-des-membres-es7\/les-portraits-jeremy-girard\/","title":{"rendered":"Les portraits : J\u00e9r\u00e9my Girard"},"content":{"rendered":"<p><a href=\"https:\/\/www.facebook.com\/hashtag\/lesportraits?__eep__=6&amp;source=feed_text&amp;epa=HASHTAG&amp;__xts__%5B0%5D=68.ARDlz3-3Qs3mNZe-r1NNkCdF-VVgoMCt7nVaPbBmQ8sQLC9Rwi76F4C3g_yZ3SiosQmPXB_L4AFvmLxqqN1W8a4h8gLYpD-g56mzm7R2t4XM3AAb6IL37lCZ93f15bFNwW6UHgRLvO3A5BMu0mz5HhFfnaD3IEvwv6S4nmF4IXEciJos4OydcY6_eHPstf3JlOyYF5VwtUM1J4tmIUODMBPbWX6-XGxWhdDbTU4eIwrk7bSrGGHV8UBxyDToeAx_Mo6tKwDeWKXqsYezE6xUnRlS1nuLnTF3CxGp8YMfORffxPCSO9_SbGuEf3FvEaarDjgUkV6G4_AL3piJjnLe8JYZrA&amp;__tn__=%2ANK-R\">#LESPORTRAITS<\/a><\/p>\n\n\n\n<p>Nous d\u00e9marrons les portraits avec le joueur le plus ancien de l&#8217;\u00e9quipe&nbsp;<a href=\"https:\/\/www.facebook.com\/jeremy.girard.10?__tn__=K-R&amp;eid=ARBcquAadwqeLCxcF0dZaa852-a7vwtjOKvF2gecOBqaD_3E1fMnFtwGtLBK66tQG2M10rHM4BxmhA8H&amp;fref=mentions&amp;__xts__%5B0%5D=68.ARDlz3-3Qs3mNZe-r1NNkCdF-VVgoMCt7nVaPbBmQ8sQLC9Rwi76F4C3g_yZ3SiosQmPXB_L4AFvmLxqqN1W8a4h8gLYpD-g56mzm7R2t4XM3AAb6IL37lCZ93f15bFNwW6UHgRLvO3A5BMu0mz5HhFfnaD3IEvwv6S4nmF4IXEciJos4OydcY6_eHPstf3JlOyYF5VwtUM1J4tmIUODMBPbWX6-XGxWhdDbTU4eIwrk7bSrGGHV8UBxyDToeAx_Mo6tKwDeWKXqsYezE6xUnRlS1nuLnTF3CxGp8YMfORffxPCSO9_SbGuEf3FvEaarDjgUkV6G4_AL3piJjnLe8JYZrA\">J\u00e9r\u00e9my Girard<\/a>&nbsp;a rejoint&nbsp;<a href=\"https:\/\/www.facebook.com\/espritsudsevens\/?__tn__=K-R&amp;eid=ARAF6WbZES6HnVl86Bwo5IyzuX1941R-IXk0fq96TbyTIh9194iu7tQaVpofZNmuHQBZArsmgFi_rUBN&amp;fref=mentions&amp;__xts__%5B0%5D=68.ARDlz3-3Qs3mNZe-r1NNkCdF-VVgoMCt7nVaPbBmQ8sQLC9Rwi76F4C3g_yZ3SiosQmPXB_L4AFvmLxqqN1W8a4h8gLYpD-g56mzm7R2t4XM3AAb6IL37lCZ93f15bFNwW6UHgRLvO3A5BMu0mz5HhFfnaD3IEvwv6S4nmF4IXEciJos4OydcY6_eHPstf3JlOyYF5VwtUM1J4tmIUODMBPbWX6-XGxWhdDbTU4eIwrk7bSrGGHV8UBxyDToeAx_Mo6tKwDeWKXqsYezE6xUnRlS1nuLnTF3CxGp8YMfORffxPCSO9_SbGuEf3FvEaarDjgUkV6G4_AL3piJjnLe8JYZrA\">Esprit Sud Sevens<\/a>&nbsp;il y a maintenant 6 ans. On vous laisse d\u00e9couvrir ce personnage&#8230; atypique&nbsp;\ud83d\ude09.<\/p>\n\n\n\n<p style=\"color:#e50295\" class=\"has-text-color\"><strong>Quel est ton surnom ?<\/strong><\/p>\n\n\n\n<p>&#8220;Gigi r\u00e9p\u00e9tition de la premi\u00e8re syllabe de mon nom ou sinon le Gitan tout \u00e7a parce que j&#8217;ai une sacr\u00e9e d\u00e9gaine de la jalousie tout simplement. Parfois Papi car je suis le plus vieux.&#8221;&nbsp;<\/p>\n\n\n\n<p style=\"color:#e50295\" class=\"has-text-color\"><strong>Dans quel club \u00e9volues-tu \u00e0 XV ?<\/strong>&nbsp;<\/p>\n\n\n\n<p>&#8220;RC Saudrune ( f\u00e9d\u00e9rale 3) petit regroupement de plusieurs villes du sud toulousain o\u00f9 la d\u00e9conne est de mise.&#8221;<\/p>\n\n\n\n<p style=\"color:#e50295\" class=\"has-text-color\"><strong>Quelle est ta skill la plus redoutable \u00e0 7 ?&nbsp;<\/strong><\/p>\n\n\n\n<p>&#8220;Wahou \u00e7a existe \u00e7a des skills de ouf ? Bah je crois que j&#8217;ai toujours pas re\u00e7u la livraison&#8230; Non sinon peut-\u00eatre ma d\u00e9fense en deuxi\u00e8me rideau&nbsp;\ud83e\udd37\u200d\u2642\ufe0f&#8221;<\/p>\n\n\n\n<p style=\"color:#e50295\" class=\"has-text-color\"><strong>A contrario, quel est ton plus beau rat\u00e9 ?<\/strong><\/p>\n\n\n\n<p>&#8220;Je parlerais de mon merveilleux jeu au pied, \u00e0 faire p\u00e2lir Johnny Wilkinson, avec un transformation rat\u00e9e face aux poteaux&#8221;<\/p>\n\n\n\n<p style=\"color:#e50295\" class=\"has-text-color\"><strong>Quel est ton d\u00e9guisement id\u00e9al pour une 3\u00e8me mi-temps de 7s ?&nbsp;<\/strong><\/p>\n\n\n\n<p>&#8220;Faudrait d\u00e9j\u00e0 que je me d\u00e9guise&#8230; puis au vu de ma d\u00e9gaine habituelle un d\u00e9guisement ou rien c&#8217;est pareil. Sinon s\u00e9rieusement un bon short claquette chemise hawa\u00efenne et Bob (tr\u00e8s important ). Car : Sea Sun and Seven&nbsp;\u2600\ufe0f&nbsp;!&#8221;<\/p>\n\n\n\n<p style=\"color:#e50295\" class=\"has-text-color\"><strong>Quel est le co\u00e9quipier dont tu pourrais pas te passer lors des tournois ?&nbsp;<\/strong><\/p>\n\n\n\n<p>&#8220;L\u00e0 il y&#8217;en a pas mal avec chacun leurs points positifs et n\u00e9gatifs mais si je devrais en cit\u00e9 un je dirais&nbsp;<a href=\"https:\/\/www.facebook.com\/guillaume.cazes.75?__tn__=K-R&amp;eid=ARAO56fnBVbjjgxCUa3BZdpAXdm3Qpn4cMNw2D0HbwHAuCGwgOTF4Cmano21yvynEpYiEoNWT3Ogjrtz&amp;fref=mentions&amp;__xts__%5B0%5D=68.ARDlz3-3Qs3mNZe-r1NNkCdF-VVgoMCt7nVaPbBmQ8sQLC9Rwi76F4C3g_yZ3SiosQmPXB_L4AFvmLxqqN1W8a4h8gLYpD-g56mzm7R2t4XM3AAb6IL37lCZ93f15bFNwW6UHgRLvO3A5BMu0mz5HhFfnaD3IEvwv6S4nmF4IXEciJos4OydcY6_eHPstf3JlOyYF5VwtUM1J4tmIUODMBPbWX6-XGxWhdDbTU4eIwrk7bSrGGHV8UBxyDToeAx_Mo6tKwDeWKXqsYezE6xUnRlS1nuLnTF3CxGp8YMfORffxPCSO9_SbGuEf3FvEaarDjgUkV6G4_AL3piJjnLe8JYZrA\">Guillaume Cazes<\/a>&nbsp;car au niveau des choix des musiques, on se comprend, avec notre hymne incontournable &#8220;La Chanson des Cigales&#8221; un vrai tube de Sevens !&#8221;&nbsp;<\/p>\n\n\n\n<p style=\"color:#e50295\" class=\"has-text-color\"><strong>Quel est ton pire adversaire ?<\/strong><\/p>\n\n\n\n<p>&#8220;Moi-m\u00eame bien s\u00fbr ! Qui est plus fort que moi ? Personne.&nbsp;<br>Non&#8230;. Je l&#8217;ai jamais eu en tant qu&#8217;adversaire mais j&#8217;aimerais pas l&#8217;avoir en face c&#8217;est&nbsp;<a href=\"https:\/\/www.facebook.com\/tana.jarmouni?__tn__=K-R&amp;eid=ARAMT6T1ZFNvViS51U_wEs0ZDYgXvDAMCy401-o9x3MAXEw4r300oocaS7kChRD0oEHG3BmxzlhyD8Rm&amp;fref=mentions&amp;__xts__%5B0%5D=68.ARDlz3-3Qs3mNZe-r1NNkCdF-VVgoMCt7nVaPbBmQ8sQLC9Rwi76F4C3g_yZ3SiosQmPXB_L4AFvmLxqqN1W8a4h8gLYpD-g56mzm7R2t4XM3AAb6IL37lCZ93f15bFNwW6UHgRLvO3A5BMu0mz5HhFfnaD3IEvwv6S4nmF4IXEciJos4OydcY6_eHPstf3JlOyYF5VwtUM1J4tmIUODMBPbWX6-XGxWhdDbTU4eIwrk7bSrGGHV8UBxyDToeAx_Mo6tKwDeWKXqsYezE6xUnRlS1nuLnTF3CxGp8YMfORffxPCSO9_SbGuEf3FvEaarDjgUkV6G4_AL3piJjnLe8JYZrA\">Tana Jarmouni<\/a>. Il est capable de rentrer comme de faire jouer et \u00e0 7 cest affreux \u00e0 d\u00e9fendre.&#8221;<\/p>\n\n\n\n<p style=\"color:#e50295\" class=\"has-text-color\"><strong>Si on devait te d\u00e9crire en une phrase ?<\/strong><\/p>\n\n\n\n<p>&#8220;Un ancien avec une envie de jeune.&#8221;<\/p>\n\n\n\n<p style=\"color:#e50295\" class=\"has-text-color\"><strong>Une question \u00e0 poser \u00e0 un joueur ou une joueuse de l\u2019\u00e9quipe ?<\/strong><\/p>\n\n\n\n<p>&#8220;J&#8217;aimerais savoir comment fait&nbsp;<a href=\"https:\/\/www.facebook.com\/mathieu.marcellin.1?__tn__=K-R&amp;eid=ARA8YelFWDNpm9l7bWW_CkGMM3MaMT4VFqrcvU_HQ8TaBPDiXfF6vd8IpmPh-L1_txBDjCc1up4-QX1A&amp;fref=mentions&amp;__xts__%5B0%5D=68.ARDlz3-3Qs3mNZe-r1NNkCdF-VVgoMCt7nVaPbBmQ8sQLC9Rwi76F4C3g_yZ3SiosQmPXB_L4AFvmLxqqN1W8a4h8gLYpD-g56mzm7R2t4XM3AAb6IL37lCZ93f15bFNwW6UHgRLvO3A5BMu0mz5HhFfnaD3IEvwv6S4nmF4IXEciJos4OydcY6_eHPstf3JlOyYF5VwtUM1J4tmIUODMBPbWX6-XGxWhdDbTU4eIwrk7bSrGGHV8UBxyDToeAx_Mo6tKwDeWKXqsYezE6xUnRlS1nuLnTF3CxGp8YMfORffxPCSO9_SbGuEf3FvEaarDjgUkV6G4_AL3piJjnLe8JYZrA\">Mathieu Marcellin<\/a>&nbsp;pour \u00eatre aussi Gaillard des bras ?&#8221;<\/p>\n\n\n\n<p>L&#8217;article &#8220;Les portraits : J\u00e9r\u00e9my Girard&#8221; vous a plu ? <a href=\"https:\/\/medsevens.fr\/en\/blog\/\">D\u00e9couvrez ici le reste des portraits d&#8217;Esprit Sud Sevens ! <\/a><\/p>\n\n\n\n<p>\ud83d\udcf8&nbsp;<a href=\"https:\/\/www.facebook.com\/TPN.Rugby\/?__tn__=K-R&amp;eid=ARBXqR6JdazLbeEOTVe8eNT3HxRnZ6r7P-gXhx2s5GCxnrbzByDEn8pTeth88QFJqJrvUKRlynq18HQ_&amp;fref=mentions&amp;__xts__%5B0%5D=68.ARDlz3-3Qs3mNZe-r1NNkCdF-VVgoMCt7nVaPbBmQ8sQLC9Rwi76F4C3g_yZ3SiosQmPXB_L4AFvmLxqqN1W8a4h8gLYpD-g56mzm7R2t4XM3AAb6IL37lCZ93f15bFNwW6UHgRLvO3A5BMu0mz5HhFfnaD3IEvwv6S4nmF4IXEciJos4OydcY6_eHPstf3JlOyYF5VwtUM1J4tmIUODMBPbWX6-XGxWhdDbTU4eIwrk7bSrGGHV8UBxyDToeAx_Mo6tKwDeWKXqsYezE6xUnRlS1nuLnTF3CxGp8YMfORffxPCSO9_SbGuEf3FvEaarDjgUkV6G4_AL3piJjnLe8JYZrA\">TPN Rugby<\/a><\/p>","protected":false},"excerpt":{"rendered":"<p>#LESPORTRAITS Nous d\u00e9marrons les portraits avec le joueur le plus ancien de l&#8217;\u00e9quipe&nbsp;J\u00e9r\u00e9my Girard&nbsp;a rejoint&nbsp;Esprit Sud Sevens&nbsp;il y a maintenant 6 ans. On vous laisse d\u00e9couvrir ce personnage&#8230; atypique&nbsp;\ud83d\ude09. Quel est ton surnom ? &#8220;Gigi r\u00e9p\u00e9tition de la premi\u00e8re syllabe de mon nom ou sinon le Gitan tout \u00e7a parce que j&#8217;ai une sacr\u00e9e d\u00e9gaine [&hellip;]<\/p>\n","protected":false},"author":1,"featured_media":2312,"comment_status":"open","ping_status":"open","sticky":false,"template":"","format":"standard","meta":{"_jetpack_memberships_contains_paid_content":false,"footnotes":""},"categories":[75],"tags":[80,78,81,76,77,24],"class_list":["post-2507","post","type-post","status-publish","format-standard","has-post-thumbnail","hentry","category-les-portraits-des-membres-es7","tag-circuit-elite","tag-esprit-sud-sevens","tag-jeremy-girard","tag-rugby","tag-rugby-a-7","tag-sport"],"yoast_head":"<!-- This site is optimized with the Yoast SEO plugin v27.5 - https:\/\/yoast.com\/product\/yoast-seo-wordpress\/ -->\n<title>Les portraits : J\u00e9r\u00e9my Girard - L&#039;Association Esprit Sud Sevens<\/title>\n<meta name=\"description\" content=\"Les portraits avec le joueur le plus ancien de l&#039;\u00e9quipe J\u00e9r\u00e9my Girard a rejoint Esprit Sud Sevens il y a maintenant 6 ans.\" \/>\n<meta name=\"robots\" content=\"index, follow, max-snippet:-1, max-image-preview:large, max-video-preview:-1\" \/>\n<link rel=\"canonical\" href=\"https:\/\/medsevens.fr\/en\/les-portraits-des-membres-es7\/les-portraits-jeremy-girard\/\" \/>\n<meta property=\"og:locale\" content=\"en_GB\" \/>\n<meta property=\"og:type\" content=\"article\" \/>\n<meta property=\"og:title\" content=\"Les portraits : J\u00e9r\u00e9my Girard - L&#039;Association Esprit Sud Sevens\" \/>\n<meta property=\"og:description\" content=\"Les portraits avec le joueur le plus ancien de l&#039;\u00e9quipe J\u00e9r\u00e9my Girard a rejoint Esprit Sud Sevens il y a maintenant 6 ans.\" \/>\n<meta property=\"og:url\" content=\"https:\/\/medsevens.fr\/en\/les-portraits-des-membres-es7\/les-portraits-jeremy-girard\/\" \/>\n<meta property=\"og:site_name\" content=\"Esprit Sud Sevens\" \/>\n<meta property=\"article:publisher\" content=\"https:\/\/www.facebook.com\/espritsudsevens\/\" \/>\n<meta property=\"article:published_time\" content=\"2020-05-11T15:05:44+00:00\" \/>\n<meta property=\"article:modified_time\" content=\"2020-06-16T12:46:22+00:00\" \/>\n<meta property=\"og:image\" content=\"https:\/\/medsevens.fr\/wp-content\/uploads\/2020\/04\/GIGI.png\" \/>\n\t<meta property=\"og:image:width\" content=\"1080\" \/>\n\t<meta property=\"og:image:height\" content=\"1080\" \/>\n\t<meta property=\"og:image:type\" content=\"image\/png\" \/>\n<meta name=\"author\" content=\"odussaut@free.fr\" \/>\n<meta name=\"twitter:card\" content=\"summary_large_image\" \/>\n<meta name=\"twitter:creator\" content=\"@espritsud7\" \/>\n<meta name=\"twitter:site\" content=\"@espritsud7\" \/>\n<meta name=\"twitter:label1\" content=\"Written by\" \/>\n\t<meta name=\"twitter:data1\" content=\"odussaut@free.fr\" \/>\n\t<meta name=\"twitter:label2\" content=\"Estimated reading time\" \/>\n\t<meta name=\"twitter:data2\" content=\"2 minutes\" \/>\n<script type=\"application\/ld+json\" class=\"yoast-schema-graph\">{\"@context\":\"https:\\\/\\\/schema.org\",\"@graph\":[{\"@type\":\"Article\",\"@id\":\"https:\\\/\\\/medsevens.fr\\\/en\\\/les-portraits-des-membres-es7\\\/les-portraits-jeremy-girard\\\/#article\",\"isPartOf\":{\"@id\":\"https:\\\/\\\/medsevens.fr\\\/en\\\/les-portraits-des-membres-es7\\\/les-portraits-jeremy-girard\\\/\"},\"author\":{\"name\":\"odussaut@free.fr\",\"@id\":\"https:\\\/\\\/medsevens.fr\\\/#\\\/schema\\\/person\\\/7a16bf788a9fd022be4adcb48f774bac\"},\"headline\":\"Les portraits : J\u00e9r\u00e9my Girard\",\"datePublished\":\"2020-05-11T15:05:44+00:00\",\"dateModified\":\"2020-06-16T12:46:22+00:00\",\"mainEntityOfPage\":{\"@id\":\"https:\\\/\\\/medsevens.fr\\\/en\\\/les-portraits-des-membres-es7\\\/les-portraits-jeremy-girard\\\/\"},\"wordCount\":437,\"commentCount\":0,\"publisher\":{\"@id\":\"https:\\\/\\\/medsevens.fr\\\/#organization\"},\"image\":{\"@id\":\"https:\\\/\\\/medsevens.fr\\\/en\\\/les-portraits-des-membres-es7\\\/les-portraits-jeremy-girard\\\/#primaryimage\"},\"thumbnailUrl\":\"https:\\\/\\\/medsevens.fr\\\/wp-content\\\/uploads\\\/2020\\\/04\\\/GIGI.png\",\"keywords\":[\"circuit elite\",\"Esprit Sud Sevens\",\"J\u00e9r\u00e9my Girard\",\"rugby\",\"Rugby \u00e0 7\",\"Sport\"],\"articleSection\":[\"Les portraits des membres ES7\"],\"inLanguage\":\"en-GB\",\"potentialAction\":[{\"@type\":\"CommentAction\",\"name\":\"Comment\",\"target\":[\"https:\\\/\\\/medsevens.fr\\\/en\\\/les-portraits-des-membres-es7\\\/les-portraits-jeremy-girard\\\/#respond\"]}]},{\"@type\":\"WebPage\",\"@id\":\"https:\\\/\\\/medsevens.fr\\\/en\\\/les-portraits-des-membres-es7\\\/les-portraits-jeremy-girard\\\/\",\"url\":\"https:\\\/\\\/medsevens.fr\\\/en\\\/les-portraits-des-membres-es7\\\/les-portraits-jeremy-girard\\\/\",\"name\":\"Les portraits : J\u00e9r\u00e9my Girard - L'Association Esprit Sud Sevens\",\"isPartOf\":{\"@id\":\"https:\\\/\\\/medsevens.fr\\\/#website\"},\"primaryImageOfPage\":{\"@id\":\"https:\\\/\\\/medsevens.fr\\\/en\\\/les-portraits-des-membres-es7\\\/les-portraits-jeremy-girard\\\/#primaryimage\"},\"image\":{\"@id\":\"https:\\\/\\\/medsevens.fr\\\/en\\\/les-portraits-des-membres-es7\\\/les-portraits-jeremy-girard\\\/#primaryimage\"},\"thumbnailUrl\":\"https:\\\/\\\/medsevens.fr\\\/wp-content\\\/uploads\\\/2020\\\/04\\\/GIGI.png\",\"datePublished\":\"2020-05-11T15:05:44+00:00\",\"dateModified\":\"2020-06-16T12:46:22+00:00\",\"description\":\"Les portraits avec le joueur le plus ancien de l'\u00e9quipe J\u00e9r\u00e9my Girard a rejoint Esprit Sud Sevens il y a maintenant 6 ans.\",\"breadcrumb\":{\"@id\":\"https:\\\/\\\/medsevens.fr\\\/en\\\/les-portraits-des-membres-es7\\\/les-portraits-jeremy-girard\\\/#breadcrumb\"},\"inLanguage\":\"en-GB\",\"potentialAction\":[{\"@type\":\"ReadAction\",\"target\":[\"https:\\\/\\\/medsevens.fr\\\/en\\\/les-portraits-des-membres-es7\\\/les-portraits-jeremy-girard\\\/\"]}]},{\"@type\":\"ImageObject\",\"inLanguage\":\"en-GB\",\"@id\":\"https:\\\/\\\/medsevens.fr\\\/en\\\/les-portraits-des-membres-es7\\\/les-portraits-jeremy-girard\\\/#primaryimage\",\"url\":\"https:\\\/\\\/medsevens.fr\\\/wp-content\\\/uploads\\\/2020\\\/04\\\/GIGI.png\",\"contentUrl\":\"https:\\\/\\\/medsevens.fr\\\/wp-content\\\/uploads\\\/2020\\\/04\\\/GIGI.png\",\"width\":1080,\"height\":1080,\"caption\":\"Image de J\u00e9r\u00e9my Girard en pleine action pendant un match de Sevens, pour illustrer son portrait\"},{\"@type\":\"BreadcrumbList\",\"@id\":\"https:\\\/\\\/medsevens.fr\\\/en\\\/les-portraits-des-membres-es7\\\/les-portraits-jeremy-girard\\\/#breadcrumb\",\"itemListElement\":[{\"@type\":\"ListItem\",\"position\":1,\"name\":\"Home\",\"item\":\"https:\\\/\\\/medsevens.fr\\\/\"},{\"@type\":\"ListItem\",\"position\":2,\"name\":\"Les portraits : J\u00e9r\u00e9my Girard\"}]},{\"@type\":\"WebSite\",\"@id\":\"https:\\\/\\\/medsevens.fr\\\/#website\",\"url\":\"https:\\\/\\\/medsevens.fr\\\/\",\"name\":\"Esprit Sud Sevens\",\"description\":\"Sea, Sun and Sevens\",\"publisher\":{\"@id\":\"https:\\\/\\\/medsevens.fr\\\/#organization\"},\"potentialAction\":[{\"@type\":\"SearchAction\",\"target\":{\"@type\":\"EntryPoint\",\"urlTemplate\":\"https:\\\/\\\/medsevens.fr\\\/?s={search_term_string}\"},\"query-input\":{\"@type\":\"PropertyValueSpecification\",\"valueRequired\":true,\"valueName\":\"search_term_string\"}}],\"inLanguage\":\"en-GB\"},{\"@type\":\"Organization\",\"@id\":\"https:\\\/\\\/medsevens.fr\\\/#organization\",\"name\":\"Esprit Sud Sevenes\",\"url\":\"https:\\\/\\\/medsevens.fr\\\/\",\"logo\":{\"@type\":\"ImageObject\",\"inLanguage\":\"en-GB\",\"@id\":\"https:\\\/\\\/medsevens.fr\\\/#\\\/schema\\\/logo\\\/image\\\/\",\"url\":\"https:\\\/\\\/medsevens.fr\\\/wp-content\\\/uploads\\\/2020\\\/04\\\/Sans-titre-1.png\",\"contentUrl\":\"https:\\\/\\\/medsevens.fr\\\/wp-content\\\/uploads\\\/2020\\\/04\\\/Sans-titre-1.png\",\"width\":150,\"height\":150,\"caption\":\"Esprit Sud Sevenes\"},\"image\":{\"@id\":\"https:\\\/\\\/medsevens.fr\\\/#\\\/schema\\\/logo\\\/image\\\/\"},\"sameAs\":[\"https:\\\/\\\/www.facebook.com\\\/espritsudsevens\\\/\",\"https:\\\/\\\/x.com\\\/espritsud7\",\"https:\\\/\\\/www.instagram.com\\\/espritsudsevens\\\/\",\"https:\\\/\\\/www.linkedin.com\\\/company\\\/46645187\\\/\",\"https:\\\/\\\/www.youtube.com\\\/channel\\\/UCLxo6q7LE_zP7fVXGtgvvtQ\"]},{\"@type\":\"Person\",\"@id\":\"https:\\\/\\\/medsevens.fr\\\/#\\\/schema\\\/person\\\/7a16bf788a9fd022be4adcb48f774bac\",\"name\":\"odussaut@free.fr\",\"image\":{\"@type\":\"ImageObject\",\"inLanguage\":\"en-GB\",\"@id\":\"https:\\\/\\\/secure.gravatar.com\\\/avatar\\\/3c9ef9e5a9ecca3d05a8fdcad378e059ae1caa52c48d3d97300dc397f03b8461?s=96&d=mm&r=g\",\"url\":\"https:\\\/\\\/secure.gravatar.com\\\/avatar\\\/3c9ef9e5a9ecca3d05a8fdcad378e059ae1caa52c48d3d97300dc397f03b8461?s=96&d=mm&r=g\",\"contentUrl\":\"https:\\\/\\\/secure.gravatar.com\\\/avatar\\\/3c9ef9e5a9ecca3d05a8fdcad378e059ae1caa52c48d3d97300dc397f03b8461?s=96&d=mm&r=g\",\"caption\":\"odussaut@free.fr\"},\"url\":\"https:\\\/\\\/medsevens.fr\\\/en\\\/author\\\/odussautfree-fr\\\/\"}]}<\/script>\n<!-- \/ Yoast SEO plugin. -->","yoast_head_json":{"title":"Les portraits : J\u00e9r\u00e9my Girard - L'Association Esprit Sud Sevens","description":"Les portraits avec le joueur le plus ancien de l'\u00e9quipe J\u00e9r\u00e9my Girard a rejoint Esprit Sud Sevens il y a maintenant 6 ans.","robots":{"index":"index","follow":"follow","max-snippet":"max-snippet:-1","max-image-preview":"max-image-preview:large","max-video-preview":"max-video-preview:-1"},"canonical":"https:\/\/medsevens.fr\/en\/les-portraits-des-membres-es7\/les-portraits-jeremy-girard\/","og_locale":"en_GB","og_type":"article","og_title":"Les portraits : J\u00e9r\u00e9my Girard - L'Association Esprit Sud Sevens","og_description":"Les portraits avec le joueur le plus ancien de l'\u00e9quipe J\u00e9r\u00e9my Girard a rejoint Esprit Sud Sevens il y a maintenant 6 ans.","og_url":"https:\/\/medsevens.fr\/en\/les-portraits-des-membres-es7\/les-portraits-jeremy-girard\/","og_site_name":"Esprit Sud Sevens","article_publisher":"https:\/\/www.facebook.com\/espritsudsevens\/","article_published_time":"2020-05-11T15:05:44+00:00","article_modified_time":"2020-06-16T12:46:22+00:00","og_image":[{"width":1080,"height":1080,"url":"https:\/\/medsevens.fr\/wp-content\/uploads\/2020\/04\/GIGI.png","type":"image\/png"}],"author":"odussaut@free.fr","twitter_card":"summary_large_image","twitter_creator":"@espritsud7","twitter_site":"@espritsud7","twitter_misc":{"Written by":"odussaut@free.fr","Estimated reading time":"2 minutes"},"schema":{"@context":"https:\/\/schema.org","@graph":[{"@type":"Article","@id":"https:\/\/medsevens.fr\/en\/les-portraits-des-membres-es7\/les-portraits-jeremy-girard\/#article","isPartOf":{"@id":"https:\/\/medsevens.fr\/en\/les-portraits-des-membres-es7\/les-portraits-jeremy-girard\/"},"author":{"name":"odussaut@free.fr","@id":"https:\/\/medsevens.fr\/#\/schema\/person\/7a16bf788a9fd022be4adcb48f774bac"},"headline":"Les portraits : J\u00e9r\u00e9my Girard","datePublished":"2020-05-11T15:05:44+00:00","dateModified":"2020-06-16T12:46:22+00:00","mainEntityOfPage":{"@id":"https:\/\/medsevens.fr\/en\/les-portraits-des-membres-es7\/les-portraits-jeremy-girard\/"},"wordCount":437,"commentCount":0,"publisher":{"@id":"https:\/\/medsevens.fr\/#organization"},"image":{"@id":"https:\/\/medsevens.fr\/en\/les-portraits-des-membres-es7\/les-portraits-jeremy-girard\/#primaryimage"},"thumbnailUrl":"https:\/\/medsevens.fr\/wp-content\/uploads\/2020\/04\/GIGI.png","keywords":["circuit elite","Esprit Sud Sevens","J\u00e9r\u00e9my Girard","rugby","Rugby \u00e0 7","Sport"],"articleSection":["Les portraits des membres ES7"],"inLanguage":"en-GB","potentialAction":[{"@type":"CommentAction","name":"Comment","target":["https:\/\/medsevens.fr\/en\/les-portraits-des-membres-es7\/les-portraits-jeremy-girard\/#respond"]}]},{"@type":"WebPage","@id":"https:\/\/medsevens.fr\/en\/les-portraits-des-membres-es7\/les-portraits-jeremy-girard\/","url":"https:\/\/medsevens.fr\/en\/les-portraits-des-membres-es7\/les-portraits-jeremy-girard\/","name":"Les portraits : J\u00e9r\u00e9my Girard - L'Association Esprit Sud Sevens","isPartOf":{"@id":"https:\/\/medsevens.fr\/#website"},"primaryImageOfPage":{"@id":"https:\/\/medsevens.fr\/en\/les-portraits-des-membres-es7\/les-portraits-jeremy-girard\/#primaryimage"},"image":{"@id":"https:\/\/medsevens.fr\/en\/les-portraits-des-membres-es7\/les-portraits-jeremy-girard\/#primaryimage"},"thumbnailUrl":"https:\/\/medsevens.fr\/wp-content\/uploads\/2020\/04\/GIGI.png","datePublished":"2020-05-11T15:05:44+00:00","dateModified":"2020-06-16T12:46:22+00:00","description":"Les portraits avec le joueur le plus ancien de l'\u00e9quipe J\u00e9r\u00e9my Girard a rejoint Esprit Sud Sevens il y a maintenant 6 ans.","breadcrumb":{"@id":"https:\/\/medsevens.fr\/en\/les-portraits-des-membres-es7\/les-portraits-jeremy-girard\/#breadcrumb"},"inLanguage":"en-GB","potentialAction":[{"@type":"ReadAction","target":["https:\/\/medsevens.fr\/en\/les-portraits-des-membres-es7\/les-portraits-jeremy-girard\/"]}]},{"@type":"ImageObject","inLanguage":"en-GB","@id":"https:\/\/medsevens.fr\/en\/les-portraits-des-membres-es7\/les-portraits-jeremy-girard\/#primaryimage","url":"https:\/\/medsevens.fr\/wp-content\/uploads\/2020\/04\/GIGI.png","contentUrl":"https:\/\/medsevens.fr\/wp-content\/uploads\/2020\/04\/GIGI.png","width":1080,"height":1080,"caption":"Image de J\u00e9r\u00e9my Girard en pleine action pendant un match de Sevens, pour illustrer son portrait"},{"@type":"BreadcrumbList","@id":"https:\/\/medsevens.fr\/en\/les-portraits-des-membres-es7\/les-portraits-jeremy-girard\/#breadcrumb","itemListElement":[{"@type":"ListItem","position":1,"name":"Home","item":"https:\/\/medsevens.fr\/"},{"@type":"ListItem","position":2,"name":"Les portraits : J\u00e9r\u00e9my Girard"}]},{"@type":"WebSite","@id":"https:\/\/medsevens.fr\/#website","url":"https:\/\/medsevens.fr\/","name":"Esprit Sud Sevens","description":"Sea, Sun and Sevens","publisher":{"@id":"https:\/\/medsevens.fr\/#organization"},"potentialAction":[{"@type":"SearchAction","target":{"@type":"EntryPoint","urlTemplate":"https:\/\/medsevens.fr\/?s={search_term_string}"},"query-input":{"@type":"PropertyValueSpecification","valueRequired":true,"valueName":"search_term_string"}}],"inLanguage":"en-GB"},{"@type":"Organization","@id":"https:\/\/medsevens.fr\/#organization","name":"Esprit Sud Sevenes","url":"https:\/\/medsevens.fr\/","logo":{"@type":"ImageObject","inLanguage":"en-GB","@id":"https:\/\/medsevens.fr\/#\/schema\/logo\/image\/","url":"https:\/\/medsevens.fr\/wp-content\/uploads\/2020\/04\/Sans-titre-1.png","contentUrl":"https:\/\/medsevens.fr\/wp-content\/uploads\/2020\/04\/Sans-titre-1.png","width":150,"height":150,"caption":"Esprit Sud Sevenes"},"image":{"@id":"https:\/\/medsevens.fr\/#\/schema\/logo\/image\/"},"sameAs":["https:\/\/www.facebook.com\/espritsudsevens\/","https:\/\/x.com\/espritsud7","https:\/\/www.instagram.com\/espritsudsevens\/","https:\/\/www.linkedin.com\/company\/46645187\/","https:\/\/www.youtube.com\/channel\/UCLxo6q7LE_zP7fVXGtgvvtQ"]},{"@type":"Person","@id":"https:\/\/medsevens.fr\/#\/schema\/person\/7a16bf788a9fd022be4adcb48f774bac","name":"odussaut@free.fr","image":{"@type":"ImageObject","inLanguage":"en-GB","@id":"https:\/\/secure.gravatar.com\/avatar\/3c9ef9e5a9ecca3d05a8fdcad378e059ae1caa52c48d3d97300dc397f03b8461?s=96&d=mm&r=g","url":"https:\/\/secure.gravatar.com\/avatar\/3c9ef9e5a9ecca3d05a8fdcad378e059ae1caa52c48d3d97300dc397f03b8461?s=96&d=mm&r=g","contentUrl":"https:\/\/secure.gravatar.com\/avatar\/3c9ef9e5a9ecca3d05a8fdcad378e059ae1caa52c48d3d97300dc397f03b8461?s=96&d=mm&r=g","caption":"odussaut@free.fr"},"url":"https:\/\/medsevens.fr\/en\/author\/odussautfree-fr\/"}]}},"jetpack_featured_media_url":"https:\/\/medsevens.fr\/wp-content\/uploads\/2020\/04\/GIGI.png","jetpack_sharing_enabled":true,"_links":{"self":[{"href":"https:\/\/medsevens.fr\/en\/wp-json\/wp\/v2\/posts\/2507","targetHints":{"allow":["GET"]}}],"collection":[{"href":"https:\/\/medsevens.fr\/en\/wp-json\/wp\/v2\/posts"}],"about":[{"href":"https:\/\/medsevens.fr\/en\/wp-json\/wp\/v2\/types\/post"}],"author":[{"embeddable":true,"href":"https:\/\/medsevens.fr\/en\/wp-json\/wp\/v2\/users\/1"}],"replies":[{"embeddable":true,"href":"https:\/\/medsevens.fr\/en\/wp-json\/wp\/v2\/comments?post=2507"}],"version-history":[{"count":0,"href":"https:\/\/medsevens.fr\/en\/wp-json\/wp\/v2\/posts\/2507\/revisions"}],"wp:featuredmedia":[{"embeddable":true,"href":"https:\/\/medsevens.fr\/en\/wp-json\/wp\/v2\/media\/2312"}],"wp:attachment":[{"href":"https:\/\/medsevens.fr\/en\/wp-json\/wp\/v2\/media?parent=2507"}],"wp:term":[{"taxonomy":"category","embeddable":true,"href":"https:\/\/medsevens.fr\/en\/wp-json\/wp\/v2\/categories?post=2507"},{"taxonomy":"post_tag","embeddable":true,"href":"https:\/\/medsevens.fr\/en\/wp-json\/wp\/v2\/tags?post=2507"}],"curies":[{"name":"wp","href":"https:\/\/api.w.org\/{rel}","templated":true}]}}