{"id":3447,"date":"2020-08-31T16:17:10","date_gmt":"2020-08-31T14:17:10","guid":{"rendered":"https:\/\/medsevens.fr\/?p=3447"},"modified":"2020-09-18T10:02:17","modified_gmt":"2020-09-18T08:02:17","slug":"winter-sevens-premiere-etape-du-circuit-europeen-de-rugby-a-7","status":"publish","type":"post","link":"https:\/\/medsevens.fr\/en\/sevens-summer-camp\/winter-sevens-premiere-etape-du-circuit-europeen-de-rugby-a-7\/","title":{"rendered":"Winter Sevens : premi\u00e8re \u00e9tape du Circuit Europ\u00e9en de rugby \u00e0 7"},"content":{"rendered":"<p>\u2744\ufe0f <strong>Le  <a href=\"https:\/\/medsevens.fr\/en\/association-esprit-sud-sevens\/esprit-sud-sevens\/sevens-summer-camp\/\">Winter Sevens<\/a> fait son grand retour le 31 octobre et 1er novembre prochain \u00e0 Jacou (pr\u00e8s de Montpellier). Il s&#8217;inscrit pour la deuxi\u00e8me ann\u00e9e cons\u00e9cutive au sein du Circuit Europ\u00e9en : Sevens Rugby European Series. Au programme : tournois \u00e0 X, v\u00e9t\u00e9rans mais surtout premi\u00e8re \u00e9tape du Circuit Europ\u00e9en \u00e0 7.<\/strong><\/p>\n\n\n\n<h2 class=\"has-text-color wp-block-heading\" style=\"color:#e72a7c\">Le Winter Sevens, un tournoi tant attendu !<\/h2>\n\n\n\n<p>Apr\u00e8s une saison de rugby \u00e0 7 annul\u00e9e et une longue p\u00e9riode sans rugby, le Winter Sevens arrive comme une bouff\u00e9e d&#8217;oxyg\u00e8ne pour les amateurs de Sevens. <\/p>\n\n\n\n<div class=\"wp-block-image\"><figure class=\"aligncenter size-large is-resized\"><img fetchpriority=\"high\" decoding=\"async\" src=\"https:\/\/medsevens.fr\/wp-content\/uploads\/2020\/08\/AFFICHE_W7S_2020_ENG-724x1024.jpg\" alt=\"\" class=\"wp-image-3429\" width=\"242\" height=\"342\" srcset=\"https:\/\/medsevens.fr\/wp-content\/uploads\/2020\/08\/AFFICHE_W7S_2020_ENG-724x1024.jpg 724w, https:\/\/medsevens.fr\/wp-content\/uploads\/2020\/08\/AFFICHE_W7S_2020_ENG-scaled-600x849.jpg 600w, https:\/\/medsevens.fr\/wp-content\/uploads\/2020\/08\/AFFICHE_W7S_2020_ENG-212x300.jpg 212w, https:\/\/medsevens.fr\/wp-content\/uploads\/2020\/08\/AFFICHE_W7S_2020_ENG-768x1086.jpg 768w, https:\/\/medsevens.fr\/wp-content\/uploads\/2020\/08\/AFFICHE_W7S_2020_ENG-262x370.jpg 262w, https:\/\/medsevens.fr\/wp-content\/uploads\/2020\/08\/AFFICHE_W7S_2020_ENG-1086x1536.jpg 1086w, https:\/\/medsevens.fr\/wp-content\/uploads\/2020\/08\/AFFICHE_W7S_2020_ENG-1448x2048.jpg 1448w, https:\/\/medsevens.fr\/wp-content\/uploads\/2020\/08\/AFFICHE_W7S_2020_ENG-416x588.jpg 416w, https:\/\/medsevens.fr\/wp-content\/uploads\/2020\/08\/AFFICHE_W7S_2020_ENG-scaled.jpg 1810w\" sizes=\"(max-width: 242px) 100vw, 242px\" \/><\/figure><\/div>\n\n\n\n<p>Attendu de tous, Esprit Sud Sevens voit les choses en grand cette saison avec 44 \u00e9quipes au programme. A ce titre, 750 joueurs, joueuses et dirigeants sont attendus des 4 coins de la France et de l&#8217;Europe. Cinq comp\u00e9titions : \u00a0Elite F\u00e9minin, Elite Masculin, Amateur F\u00e9minin, Amateur Masculin et V\u00e9t\u00e9ran, seront disput\u00e9es du samedi au dimanche. Et oui ! Pour la premi\u00e8re ann\u00e9e le tournoi habituellement organis\u00e9 sur une journ\u00e9e passe sur deux jours. Deux jours qui rendrons encore plus incontournable la mythique soir\u00e9e du samedi (les vrais s&#8217;en souviennent encore&#8230;) ! <\/p>\n\n\n\n<h2 class=\"has-text-color wp-block-heading\" style=\"color:#e72a7c\">La premi\u00e8re \u00e9tape du Sevens Rugby European Series<\/h2>\n\n\n\n<div class=\"wp-block-image\"><figure class=\"aligncenter size-large\"><img decoding=\"async\" width=\"160\" height=\"160\" src=\"https:\/\/medsevens.fr\/wp-content\/uploads\/2020\/05\/43426778_2215648305373591_1084127982634663936_n_160.png\" alt=\"\" class=\"wp-image-2467\" srcset=\"https:\/\/medsevens.fr\/wp-content\/uploads\/2020\/05\/43426778_2215648305373591_1084127982634663936_n_160.png 160w, https:\/\/medsevens.fr\/wp-content\/uploads\/2020\/05\/43426778_2215648305373591_1084127982634663936_n_160-100x100.png 100w, https:\/\/medsevens.fr\/wp-content\/uploads\/2020\/05\/43426778_2215648305373591_1084127982634663936_n_160-150x150.png 150w\" sizes=\"(max-width: 160px) 100vw, 160px\" \/><\/figure><\/div>\n\n\n\n<p>Apr\u00e8s une premi\u00e8re participation en 2019,  Esprit Sud Sevens a renouvel\u00e9 son engagement aupr\u00e8s du Circuit Europ\u00e9en. C&#8217;est donc pour la deuxi\u00e8me ann\u00e9e cons\u00e9cutive que le <a href=\"https:\/\/www.facebook.com\/SevensRugbyEuropeanSeries\/\">the Sevens Rugby European Series<\/a> aura sa premi\u00e8re \u00e9tape lors du Winter Sevens. Une \u00e9tape appr\u00e9ci\u00e9e des \u00e9quipes europ\u00e9ennes de part son calendrier. En effet, le Winter Sevens est l&#8217;unique tournoi de rugby \u00e0 7 \u00e0 avoir lieu pendant l&#8217;hiver et c&#8217;est aussi le premier de la saison ;). <\/p>\n\n\n\n<p>En savoir plus sur la comp\u00e9tition : <a href=\"https:\/\/medsevens.fr\/en\/association-esprit-sud-sevens\/le-rugby-a-7\/\">here<\/a>.<\/p>\n\n\n\n<h2 class=\"has-text-color wp-block-heading\" style=\"color:#e72a7c\">Le RC Jacou accueille le Winter Sevens<\/h2>\n\n\n\n<div class=\"wp-block-image\"><figure class=\"aligncenter size-large is-resized\"><img decoding=\"async\" src=\"https:\/\/medsevens.fr\/wp-content\/uploads\/2020\/08\/RCJACOU-1024x1024.jpg\" alt=\"\" class=\"wp-image-3449\" width=\"298\" height=\"298\" srcset=\"https:\/\/medsevens.fr\/wp-content\/uploads\/2020\/08\/RCJACOU-1024x1024.jpg 1024w, https:\/\/medsevens.fr\/wp-content\/uploads\/2020\/08\/RCJACOU-300x300.jpg 300w, https:\/\/medsevens.fr\/wp-content\/uploads\/2020\/08\/RCJACOU-100x100.jpg 100w, https:\/\/medsevens.fr\/wp-content\/uploads\/2020\/08\/RCJACOU-600x600.jpg 600w, https:\/\/medsevens.fr\/wp-content\/uploads\/2020\/08\/RCJACOU-150x150.jpg 150w, https:\/\/medsevens.fr\/wp-content\/uploads\/2020\/08\/RCJACOU-768x768.jpg 768w, https:\/\/medsevens.fr\/wp-content\/uploads\/2020\/08\/RCJACOU-370x370.jpg 370w, https:\/\/medsevens.fr\/wp-content\/uploads\/2020\/08\/RCJACOU-324x324.jpg 324w, https:\/\/medsevens.fr\/wp-content\/uploads\/2020\/08\/RCJACOU-416x416.jpg 416w, https:\/\/medsevens.fr\/wp-content\/uploads\/2020\/08\/RCJACOU.jpg 1080w\" sizes=\"(max-width: 298px) 100vw, 298px\" \/><\/figure><\/div>\n\n\n\n<p>C&#8217;est le <a href=\"http:\/\/www.rcjmn.com\">Rugby Club Jacou<\/a> qui accueillera le Winter Sevens le 31 octobre et 1er novembre prochain. Forts d&#8217;un premier partenariat dans le cadre des <a href=\"https:\/\/medsevens.fr\/en\/les-lundis-sevens-arrivent-a-montpellier\/\">Lundis 7s<\/a>, c&#8217;est tout naturellement que nous nous sommes tourn\u00e9s vers eux. Ce club en proche banlieue Montpelli\u00e9raine nous a conquis de part la qualit\u00e9 de ses infrastructures mais aussi pour leur r\u00e9el accueil et leur souhait de nous accompagner dans ce projet.<\/p>\n\n\n\n<h2 class=\"has-text-color wp-block-heading\" style=\"color:#e72a7c\">Plus d&#8217;informations :<\/h2>\n\n\n\n<p>Informations et inscriptions <a href=\"https:\/\/medsevens.fr\/en\/association-esprit-sud-sevens\/les-tournois\/winter-sevens\/\">here<\/a>.<\/p>\n\n\n\n<p>Contact \u00e9quipe : sportif@sudsevens.com<\/p>","protected":false},"excerpt":{"rendered":"<p>\u2744\ufe0f Le Winter Sevens fait son grand retour le 31 octobre et 1er novembre prochain \u00e0 Jacou (pr\u00e8s de Montpellier). Il s&#8217;inscrit pour la deuxi\u00e8me ann\u00e9e cons\u00e9cutive au sein du Circuit Europ\u00e9en : Sevens Rugby European Series. Au programme : tournois \u00e0 X, v\u00e9t\u00e9rans mais surtout premi\u00e8re \u00e9tape du Circuit Europ\u00e9en \u00e0 7. Le Winter [&hellip;]<\/p>\n","protected":false},"author":1,"featured_media":3448,"comment_status":"open","ping_status":"open","sticky":false,"template":"","format":"standard","meta":{"_jetpack_memberships_contains_paid_content":false,"footnotes":""},"categories":[156],"tags":[159,135,76,77,158,160,24,157],"class_list":["post-3447","post","type-post","status-publish","format-standard","has-post-thumbnail","hentry","category-sevens-summer-camp","tag-adolescents","tag-entrainements","tag-rugby","tag-rugby-a-7","tag-rugby-sevens","tag-sevens-summer-camp","tag-sport","tag-stage"],"yoast_head":"<!-- This site is optimized with the Yoast SEO plugin v27.5 - https:\/\/yoast.com\/product\/yoast-seo-wordpress\/ -->\n<title>Winter Sevens : premi\u00e8re \u00e9tape du Circuit Europ\u00e9en de rugby \u00e0 7 - Esprit Sud Sevens<\/title>\n<meta name=\"description\" content=\"Le Winter Sevens fait son grand retour pour une 3\u00e8me \u00e9dition. 750 joueurs et joueuses sont attendus pour la premi\u00e8r\u00e9 \u00e9tape du Sevens RUgby European Series.\" \/>\n<meta name=\"robots\" content=\"index, follow, max-snippet:-1, max-image-preview:large, max-video-preview:-1\" \/>\n<link rel=\"canonical\" href=\"https:\/\/medsevens.fr\/en\/sevens-summer-camp\/winter-sevens-premiere-etape-du-circuit-europeen-de-rugby-a-7\/\" \/>\n<meta property=\"og:locale\" content=\"en_GB\" \/>\n<meta property=\"og:type\" content=\"article\" \/>\n<meta property=\"og:title\" content=\"Winter Sevens : premi\u00e8re \u00e9tape du Circuit Europ\u00e9en de rugby \u00e0 7 - Esprit Sud Sevens\" \/>\n<meta property=\"og:description\" content=\"Le Winter Sevens fait son grand retour pour une 3\u00e8me \u00e9dition. 750 joueurs et joueuses sont attendus pour la premi\u00e8r\u00e9 \u00e9tape du Sevens RUgby European Series.\" \/>\n<meta property=\"og:url\" content=\"https:\/\/medsevens.fr\/en\/sevens-summer-camp\/winter-sevens-premiere-etape-du-circuit-europeen-de-rugby-a-7\/\" \/>\n<meta property=\"og:site_name\" content=\"Esprit Sud Sevens\" \/>\n<meta property=\"article:publisher\" content=\"https:\/\/www.facebook.com\/espritsudsevens\/\" \/>\n<meta property=\"article:published_time\" content=\"2020-08-31T14:17:10+00:00\" \/>\n<meta property=\"article:modified_time\" content=\"2020-09-18T08:02:17+00:00\" \/>\n<meta property=\"og:image\" content=\"https:\/\/medsevens.fr\/wp-content\/uploads\/2020\/08\/Photo_couverture.png\" \/>\n\t<meta property=\"og:image:width\" content=\"820\" \/>\n\t<meta property=\"og:image:height\" content=\"312\" \/>\n\t<meta property=\"og:image:type\" content=\"image\/png\" \/>\n<meta name=\"author\" content=\"odussaut@free.fr\" \/>\n<meta name=\"twitter:card\" content=\"summary_large_image\" \/>\n<meta name=\"twitter:creator\" content=\"@espritsud7\" \/>\n<meta name=\"twitter:site\" content=\"@espritsud7\" \/>\n<meta name=\"twitter:label1\" content=\"Written by\" \/>\n\t<meta name=\"twitter:data1\" content=\"odussaut@free.fr\" \/>\n\t<meta name=\"twitter:label2\" content=\"Estimated reading time\" \/>\n\t<meta name=\"twitter:data2\" content=\"2 minutes\" \/>\n<script type=\"application\/ld+json\" class=\"yoast-schema-graph\">{\"@context\":\"https:\\\/\\\/schema.org\",\"@graph\":[{\"@type\":\"Article\",\"@id\":\"https:\\\/\\\/medsevens.fr\\\/en\\\/sevens-summer-camp\\\/winter-sevens-premiere-etape-du-circuit-europeen-de-rugby-a-7\\\/#article\",\"isPartOf\":{\"@id\":\"https:\\\/\\\/medsevens.fr\\\/en\\\/sevens-summer-camp\\\/winter-sevens-premiere-etape-du-circuit-europeen-de-rugby-a-7\\\/\"},\"author\":{\"name\":\"odussaut@free.fr\",\"@id\":\"https:\\\/\\\/medsevens.fr\\\/#\\\/schema\\\/person\\\/7a16bf788a9fd022be4adcb48f774bac\"},\"headline\":\"Winter Sevens : premi\u00e8re \u00e9tape du Circuit Europ\u00e9en de rugby \u00e0 7\",\"datePublished\":\"2020-08-31T14:17:10+00:00\",\"dateModified\":\"2020-09-18T08:02:17+00:00\",\"mainEntityOfPage\":{\"@id\":\"https:\\\/\\\/medsevens.fr\\\/en\\\/sevens-summer-camp\\\/winter-sevens-premiere-etape-du-circuit-europeen-de-rugby-a-7\\\/\"},\"wordCount\":395,\"commentCount\":0,\"publisher\":{\"@id\":\"https:\\\/\\\/medsevens.fr\\\/#organization\"},\"image\":{\"@id\":\"https:\\\/\\\/medsevens.fr\\\/en\\\/sevens-summer-camp\\\/winter-sevens-premiere-etape-du-circuit-europeen-de-rugby-a-7\\\/#primaryimage\"},\"thumbnailUrl\":\"https:\\\/\\\/medsevens.fr\\\/wp-content\\\/uploads\\\/2020\\\/08\\\/Photo_couverture.png\",\"keywords\":[\"adolescents\",\"entrainements\",\"rugby\",\"Rugby \u00e0 7\",\"rugby sevens\",\"sevens summer camp\",\"Sport\",\"Stage\"],\"articleSection\":[\"Sevens Summer Camp\"],\"inLanguage\":\"en-GB\",\"potentialAction\":[{\"@type\":\"CommentAction\",\"name\":\"Comment\",\"target\":[\"https:\\\/\\\/medsevens.fr\\\/en\\\/sevens-summer-camp\\\/winter-sevens-premiere-etape-du-circuit-europeen-de-rugby-a-7\\\/#respond\"]}]},{\"@type\":\"WebPage\",\"@id\":\"https:\\\/\\\/medsevens.fr\\\/en\\\/sevens-summer-camp\\\/winter-sevens-premiere-etape-du-circuit-europeen-de-rugby-a-7\\\/\",\"url\":\"https:\\\/\\\/medsevens.fr\\\/en\\\/sevens-summer-camp\\\/winter-sevens-premiere-etape-du-circuit-europeen-de-rugby-a-7\\\/\",\"name\":\"Winter Sevens : premi\u00e8re \u00e9tape du Circuit Europ\u00e9en de rugby \u00e0 7 - Esprit Sud Sevens\",\"isPartOf\":{\"@id\":\"https:\\\/\\\/medsevens.fr\\\/#website\"},\"primaryImageOfPage\":{\"@id\":\"https:\\\/\\\/medsevens.fr\\\/en\\\/sevens-summer-camp\\\/winter-sevens-premiere-etape-du-circuit-europeen-de-rugby-a-7\\\/#primaryimage\"},\"image\":{\"@id\":\"https:\\\/\\\/medsevens.fr\\\/en\\\/sevens-summer-camp\\\/winter-sevens-premiere-etape-du-circuit-europeen-de-rugby-a-7\\\/#primaryimage\"},\"thumbnailUrl\":\"https:\\\/\\\/medsevens.fr\\\/wp-content\\\/uploads\\\/2020\\\/08\\\/Photo_couverture.png\",\"datePublished\":\"2020-08-31T14:17:10+00:00\",\"dateModified\":\"2020-09-18T08:02:17+00:00\",\"description\":\"Le Winter Sevens fait son grand retour pour une 3\u00e8me \u00e9dition. 750 joueurs et joueuses sont attendus pour la premi\u00e8r\u00e9 \u00e9tape du Sevens RUgby European Series.\",\"breadcrumb\":{\"@id\":\"https:\\\/\\\/medsevens.fr\\\/en\\\/sevens-summer-camp\\\/winter-sevens-premiere-etape-du-circuit-europeen-de-rugby-a-7\\\/#breadcrumb\"},\"inLanguage\":\"en-GB\",\"potentialAction\":[{\"@type\":\"ReadAction\",\"target\":[\"https:\\\/\\\/medsevens.fr\\\/en\\\/sevens-summer-camp\\\/winter-sevens-premiere-etape-du-circuit-europeen-de-rugby-a-7\\\/\"]}]},{\"@type\":\"ImageObject\",\"inLanguage\":\"en-GB\",\"@id\":\"https:\\\/\\\/medsevens.fr\\\/en\\\/sevens-summer-camp\\\/winter-sevens-premiere-etape-du-circuit-europeen-de-rugby-a-7\\\/#primaryimage\",\"url\":\"https:\\\/\\\/medsevens.fr\\\/wp-content\\\/uploads\\\/2020\\\/08\\\/Photo_couverture.png\",\"contentUrl\":\"https:\\\/\\\/medsevens.fr\\\/wp-content\\\/uploads\\\/2020\\\/08\\\/Photo_couverture.png\",\"width\":820,\"height\":312},{\"@type\":\"BreadcrumbList\",\"@id\":\"https:\\\/\\\/medsevens.fr\\\/en\\\/sevens-summer-camp\\\/winter-sevens-premiere-etape-du-circuit-europeen-de-rugby-a-7\\\/#breadcrumb\",\"itemListElement\":[{\"@type\":\"ListItem\",\"position\":1,\"name\":\"Home\",\"item\":\"https:\\\/\\\/medsevens.fr\\\/\"},{\"@type\":\"ListItem\",\"position\":2,\"name\":\"Winter Sevens : premi\u00e8re \u00e9tape du Circuit Europ\u00e9en de rugby \u00e0 7\"}]},{\"@type\":\"WebSite\",\"@id\":\"https:\\\/\\\/medsevens.fr\\\/#website\",\"url\":\"https:\\\/\\\/medsevens.fr\\\/\",\"name\":\"Esprit Sud Sevens\",\"description\":\"Sea, Sun and Sevens\",\"publisher\":{\"@id\":\"https:\\\/\\\/medsevens.fr\\\/#organization\"},\"potentialAction\":[{\"@type\":\"SearchAction\",\"target\":{\"@type\":\"EntryPoint\",\"urlTemplate\":\"https:\\\/\\\/medsevens.fr\\\/?s={search_term_string}\"},\"query-input\":{\"@type\":\"PropertyValueSpecification\",\"valueRequired\":true,\"valueName\":\"search_term_string\"}}],\"inLanguage\":\"en-GB\"},{\"@type\":\"Organization\",\"@id\":\"https:\\\/\\\/medsevens.fr\\\/#organization\",\"name\":\"Esprit Sud Sevenes\",\"url\":\"https:\\\/\\\/medsevens.fr\\\/\",\"logo\":{\"@type\":\"ImageObject\",\"inLanguage\":\"en-GB\",\"@id\":\"https:\\\/\\\/medsevens.fr\\\/#\\\/schema\\\/logo\\\/image\\\/\",\"url\":\"https:\\\/\\\/medsevens.fr\\\/wp-content\\\/uploads\\\/2020\\\/04\\\/Sans-titre-1.png\",\"contentUrl\":\"https:\\\/\\\/medsevens.fr\\\/wp-content\\\/uploads\\\/2020\\\/04\\\/Sans-titre-1.png\",\"width\":150,\"height\":150,\"caption\":\"Esprit Sud Sevenes\"},\"image\":{\"@id\":\"https:\\\/\\\/medsevens.fr\\\/#\\\/schema\\\/logo\\\/image\\\/\"},\"sameAs\":[\"https:\\\/\\\/www.facebook.com\\\/espritsudsevens\\\/\",\"https:\\\/\\\/x.com\\\/espritsud7\",\"https:\\\/\\\/www.instagram.com\\\/espritsudsevens\\\/\",\"https:\\\/\\\/www.linkedin.com\\\/company\\\/46645187\\\/\",\"https:\\\/\\\/www.youtube.com\\\/channel\\\/UCLxo6q7LE_zP7fVXGtgvvtQ\"]},{\"@type\":\"Person\",\"@id\":\"https:\\\/\\\/medsevens.fr\\\/#\\\/schema\\\/person\\\/7a16bf788a9fd022be4adcb48f774bac\",\"name\":\"odussaut@free.fr\",\"image\":{\"@type\":\"ImageObject\",\"inLanguage\":\"en-GB\",\"@id\":\"https:\\\/\\\/secure.gravatar.com\\\/avatar\\\/3c9ef9e5a9ecca3d05a8fdcad378e059ae1caa52c48d3d97300dc397f03b8461?s=96&d=mm&r=g\",\"url\":\"https:\\\/\\\/secure.gravatar.com\\\/avatar\\\/3c9ef9e5a9ecca3d05a8fdcad378e059ae1caa52c48d3d97300dc397f03b8461?s=96&d=mm&r=g\",\"contentUrl\":\"https:\\\/\\\/secure.gravatar.com\\\/avatar\\\/3c9ef9e5a9ecca3d05a8fdcad378e059ae1caa52c48d3d97300dc397f03b8461?s=96&d=mm&r=g\",\"caption\":\"odussaut@free.fr\"},\"url\":\"https:\\\/\\\/medsevens.fr\\\/en\\\/author\\\/odussautfree-fr\\\/\"}]}<\/script>\n<!-- \/ Yoast SEO plugin. -->","yoast_head_json":{"title":"Winter Sevens : premi\u00e8re \u00e9tape du Circuit Europ\u00e9en de rugby \u00e0 7 - Esprit Sud Sevens","description":"Le Winter Sevens fait son grand retour pour une 3\u00e8me \u00e9dition. 750 joueurs et joueuses sont attendus pour la premi\u00e8r\u00e9 \u00e9tape du Sevens RUgby European Series.","robots":{"index":"index","follow":"follow","max-snippet":"max-snippet:-1","max-image-preview":"max-image-preview:large","max-video-preview":"max-video-preview:-1"},"canonical":"https:\/\/medsevens.fr\/en\/sevens-summer-camp\/winter-sevens-premiere-etape-du-circuit-europeen-de-rugby-a-7\/","og_locale":"en_GB","og_type":"article","og_title":"Winter Sevens : premi\u00e8re \u00e9tape du Circuit Europ\u00e9en de rugby \u00e0 7 - Esprit Sud Sevens","og_description":"Le Winter Sevens fait son grand retour pour une 3\u00e8me \u00e9dition. 750 joueurs et joueuses sont attendus pour la premi\u00e8r\u00e9 \u00e9tape du Sevens RUgby European Series.","og_url":"https:\/\/medsevens.fr\/en\/sevens-summer-camp\/winter-sevens-premiere-etape-du-circuit-europeen-de-rugby-a-7\/","og_site_name":"Esprit Sud Sevens","article_publisher":"https:\/\/www.facebook.com\/espritsudsevens\/","article_published_time":"2020-08-31T14:17:10+00:00","article_modified_time":"2020-09-18T08:02:17+00:00","og_image":[{"width":820,"height":312,"url":"https:\/\/medsevens.fr\/wp-content\/uploads\/2020\/08\/Photo_couverture.png","type":"image\/png"}],"author":"odussaut@free.fr","twitter_card":"summary_large_image","twitter_creator":"@espritsud7","twitter_site":"@espritsud7","twitter_misc":{"Written by":"odussaut@free.fr","Estimated reading time":"2 minutes"},"schema":{"@context":"https:\/\/schema.org","@graph":[{"@type":"Article","@id":"https:\/\/medsevens.fr\/en\/sevens-summer-camp\/winter-sevens-premiere-etape-du-circuit-europeen-de-rugby-a-7\/#article","isPartOf":{"@id":"https:\/\/medsevens.fr\/en\/sevens-summer-camp\/winter-sevens-premiere-etape-du-circuit-europeen-de-rugby-a-7\/"},"author":{"name":"odussaut@free.fr","@id":"https:\/\/medsevens.fr\/#\/schema\/person\/7a16bf788a9fd022be4adcb48f774bac"},"headline":"Winter Sevens : premi\u00e8re \u00e9tape du Circuit Europ\u00e9en de rugby \u00e0 7","datePublished":"2020-08-31T14:17:10+00:00","dateModified":"2020-09-18T08:02:17+00:00","mainEntityOfPage":{"@id":"https:\/\/medsevens.fr\/en\/sevens-summer-camp\/winter-sevens-premiere-etape-du-circuit-europeen-de-rugby-a-7\/"},"wordCount":395,"commentCount":0,"publisher":{"@id":"https:\/\/medsevens.fr\/#organization"},"image":{"@id":"https:\/\/medsevens.fr\/en\/sevens-summer-camp\/winter-sevens-premiere-etape-du-circuit-europeen-de-rugby-a-7\/#primaryimage"},"thumbnailUrl":"https:\/\/medsevens.fr\/wp-content\/uploads\/2020\/08\/Photo_couverture.png","keywords":["adolescents","entrainements","rugby","Rugby \u00e0 7","rugby sevens","sevens summer camp","Sport","Stage"],"articleSection":["Sevens Summer Camp"],"inLanguage":"en-GB","potentialAction":[{"@type":"CommentAction","name":"Comment","target":["https:\/\/medsevens.fr\/en\/sevens-summer-camp\/winter-sevens-premiere-etape-du-circuit-europeen-de-rugby-a-7\/#respond"]}]},{"@type":"WebPage","@id":"https:\/\/medsevens.fr\/en\/sevens-summer-camp\/winter-sevens-premiere-etape-du-circuit-europeen-de-rugby-a-7\/","url":"https:\/\/medsevens.fr\/en\/sevens-summer-camp\/winter-sevens-premiere-etape-du-circuit-europeen-de-rugby-a-7\/","name":"Winter Sevens : premi\u00e8re \u00e9tape du Circuit Europ\u00e9en de rugby \u00e0 7 - Esprit Sud Sevens","isPartOf":{"@id":"https:\/\/medsevens.fr\/#website"},"primaryImageOfPage":{"@id":"https:\/\/medsevens.fr\/en\/sevens-summer-camp\/winter-sevens-premiere-etape-du-circuit-europeen-de-rugby-a-7\/#primaryimage"},"image":{"@id":"https:\/\/medsevens.fr\/en\/sevens-summer-camp\/winter-sevens-premiere-etape-du-circuit-europeen-de-rugby-a-7\/#primaryimage"},"thumbnailUrl":"https:\/\/medsevens.fr\/wp-content\/uploads\/2020\/08\/Photo_couverture.png","datePublished":"2020-08-31T14:17:10+00:00","dateModified":"2020-09-18T08:02:17+00:00","description":"Le Winter Sevens fait son grand retour pour une 3\u00e8me \u00e9dition. 750 joueurs et joueuses sont attendus pour la premi\u00e8r\u00e9 \u00e9tape du Sevens RUgby European Series.","breadcrumb":{"@id":"https:\/\/medsevens.fr\/en\/sevens-summer-camp\/winter-sevens-premiere-etape-du-circuit-europeen-de-rugby-a-7\/#breadcrumb"},"inLanguage":"en-GB","potentialAction":[{"@type":"ReadAction","target":["https:\/\/medsevens.fr\/en\/sevens-summer-camp\/winter-sevens-premiere-etape-du-circuit-europeen-de-rugby-a-7\/"]}]},{"@type":"ImageObject","inLanguage":"en-GB","@id":"https:\/\/medsevens.fr\/en\/sevens-summer-camp\/winter-sevens-premiere-etape-du-circuit-europeen-de-rugby-a-7\/#primaryimage","url":"https:\/\/medsevens.fr\/wp-content\/uploads\/2020\/08\/Photo_couverture.png","contentUrl":"https:\/\/medsevens.fr\/wp-content\/uploads\/2020\/08\/Photo_couverture.png","width":820,"height":312},{"@type":"BreadcrumbList","@id":"https:\/\/medsevens.fr\/en\/sevens-summer-camp\/winter-sevens-premiere-etape-du-circuit-europeen-de-rugby-a-7\/#breadcrumb","itemListElement":[{"@type":"ListItem","position":1,"name":"Home","item":"https:\/\/medsevens.fr\/"},{"@type":"ListItem","position":2,"name":"Winter Sevens : premi\u00e8re \u00e9tape du Circuit Europ\u00e9en de rugby \u00e0 7"}]},{"@type":"WebSite","@id":"https:\/\/medsevens.fr\/#website","url":"https:\/\/medsevens.fr\/","name":"Esprit Sud Sevens","description":"Sea, Sun and Sevens","publisher":{"@id":"https:\/\/medsevens.fr\/#organization"},"potentialAction":[{"@type":"SearchAction","target":{"@type":"EntryPoint","urlTemplate":"https:\/\/medsevens.fr\/?s={search_term_string}"},"query-input":{"@type":"PropertyValueSpecification","valueRequired":true,"valueName":"search_term_string"}}],"inLanguage":"en-GB"},{"@type":"Organization","@id":"https:\/\/medsevens.fr\/#organization","name":"Esprit Sud Sevenes","url":"https:\/\/medsevens.fr\/","logo":{"@type":"ImageObject","inLanguage":"en-GB","@id":"https:\/\/medsevens.fr\/#\/schema\/logo\/image\/","url":"https:\/\/medsevens.fr\/wp-content\/uploads\/2020\/04\/Sans-titre-1.png","contentUrl":"https:\/\/medsevens.fr\/wp-content\/uploads\/2020\/04\/Sans-titre-1.png","width":150,"height":150,"caption":"Esprit Sud Sevenes"},"image":{"@id":"https:\/\/medsevens.fr\/#\/schema\/logo\/image\/"},"sameAs":["https:\/\/www.facebook.com\/espritsudsevens\/","https:\/\/x.com\/espritsud7","https:\/\/www.instagram.com\/espritsudsevens\/","https:\/\/www.linkedin.com\/company\/46645187\/","https:\/\/www.youtube.com\/channel\/UCLxo6q7LE_zP7fVXGtgvvtQ"]},{"@type":"Person","@id":"https:\/\/medsevens.fr\/#\/schema\/person\/7a16bf788a9fd022be4adcb48f774bac","name":"odussaut@free.fr","image":{"@type":"ImageObject","inLanguage":"en-GB","@id":"https:\/\/secure.gravatar.com\/avatar\/3c9ef9e5a9ecca3d05a8fdcad378e059ae1caa52c48d3d97300dc397f03b8461?s=96&d=mm&r=g","url":"https:\/\/secure.gravatar.com\/avatar\/3c9ef9e5a9ecca3d05a8fdcad378e059ae1caa52c48d3d97300dc397f03b8461?s=96&d=mm&r=g","contentUrl":"https:\/\/secure.gravatar.com\/avatar\/3c9ef9e5a9ecca3d05a8fdcad378e059ae1caa52c48d3d97300dc397f03b8461?s=96&d=mm&r=g","caption":"odussaut@free.fr"},"url":"https:\/\/medsevens.fr\/en\/author\/odussautfree-fr\/"}]}},"jetpack_featured_media_url":"https:\/\/medsevens.fr\/wp-content\/uploads\/2020\/08\/Photo_couverture.png","jetpack_sharing_enabled":true,"_links":{"self":[{"href":"https:\/\/medsevens.fr\/en\/wp-json\/wp\/v2\/posts\/3447","targetHints":{"allow":["GET"]}}],"collection":[{"href":"https:\/\/medsevens.fr\/en\/wp-json\/wp\/v2\/posts"}],"about":[{"href":"https:\/\/medsevens.fr\/en\/wp-json\/wp\/v2\/types\/post"}],"author":[{"embeddable":true,"href":"https:\/\/medsevens.fr\/en\/wp-json\/wp\/v2\/users\/1"}],"replies":[{"embeddable":true,"href":"https:\/\/medsevens.fr\/en\/wp-json\/wp\/v2\/comments?post=3447"}],"version-history":[{"count":0,"href":"https:\/\/medsevens.fr\/en\/wp-json\/wp\/v2\/posts\/3447\/revisions"}],"wp:featuredmedia":[{"embeddable":true,"href":"https:\/\/medsevens.fr\/en\/wp-json\/wp\/v2\/media\/3448"}],"wp:attachment":[{"href":"https:\/\/medsevens.fr\/en\/wp-json\/wp\/v2\/media?parent=3447"}],"wp:term":[{"taxonomy":"category","embeddable":true,"href":"https:\/\/medsevens.fr\/en\/wp-json\/wp\/v2\/categories?post=3447"},{"taxonomy":"post_tag","embeddable":true,"href":"https:\/\/medsevens.fr\/en\/wp-json\/wp\/v2\/tags?post=3447"}],"curies":[{"name":"wp","href":"https:\/\/api.w.org\/{rel}","templated":true}]}}