{"id":3493,"date":"2020-09-21T12:13:30","date_gmt":"2020-09-21T10:13:30","guid":{"rendered":"https:\/\/medsevens.fr\/?p=3493"},"modified":"2020-09-21T12:13:38","modified_gmt":"2020-09-21T10:13:38","slug":"louise-et-ariane-dans-les-coulisses-desprit-sud-sevens","status":"publish","type":"post","link":"https:\/\/medsevens.fr\/en\/actualites-du-club\/louise-et-ariane-dans-les-coulisses-desprit-sud-sevens\/","title":{"rendered":"Louise et  Ariane dans les coulisses d\u2019Esprit Sud Sevens."},"content":{"rendered":"<p>Quand nous parlons d\u2019Esprit Sud Sevens nous pensons \u00e0 nos joueurs, nos joueuses, nos entraineurs ou encore nos dirigeants mais nous pensons moins aux personnes en coulisses. Toutes ces petites mains qui travaillent chaque jour pour l&#8217;association, cach\u00e9es derri\u00e8re leur ordinateur, salari\u00e9s, stagiaires, services civiques, sont l\u00e0 pour vous ! Leur but ? faire vivre le club et mener \u00e0 bien la saison et nos \u00e9v\u00e8nements.\u00a0C&#8217;\u00e9tait le cas de Louise et Ariane cette saison.<\/p>\n\n\n\n<h2 class=\"has-text-color wp-block-heading\" style=\"color:#e50295\">Louise et Ariane, deux stagiaires de Toulouse School of Management<\/h2>\n\n\n\n<p>La saison derni\u00e8re nous avons accueilli Louise Setze et Ariane Scanell. Toutes les deux sont \u00e9tudiantes en Master \u00e0&nbsp;<a href=\"https:\/\/tsm-education.fr\">Toulouse School of Management<\/a>. Louise \u00e9tudie le Management du Sport et Ariane le Marketing. Elles nous ont rejoint dans le cadre de leur stage de fin d\u2019ann\u00e9e. Pendant 6 mois Louise a accompagn\u00e9 <a href=\"https:\/\/www.linkedin.com\/in\/maxime-castell-947204157\/\">Maxime Castell <\/a>(Directeur G\u00e9n\u00e9ral de l\u2019association) sur des missions d&#8217;\u00e9v\u00e9nementiel. Quant \u00e0 Ariane, elle a accompagn\u00e9 <a href=\"https:\/\/www.linkedin.com\/in\/laura-bureau\/\">Laura Bureau<\/a> (Responsable Marketing \u2013 Communication) pendant deux mois, ses missions&nbsp;: r\u00e9flexion sur la strat\u00e9gie marketing, la mise en place d\u2019une marque employeur, d\u2019une strat\u00e9gie partenaire, optimisation du SEO et traduction du Site Web en anglais.<\/p>\n\n\n\n<h2 class=\"has-text-color wp-block-heading\" style=\"color:#e50295\">Elles vous en disent plus :<\/h2>\n\n\n\n<p>Louise et Ariane ont r\u00e9pondu \u00e0 nos questions. Arriv\u00e9e dans l&#8217;association, missions, b\u00e9n\u00e9fices, elles vous disent tout :<\/p>\n\n\n\n<p class=\"has-background\" style=\"background-color:#e50295\">Les filles, comment avez-vous int\u00e9gr\u00e9 Esprit Sud Sevens\u00a0?<\/p>\n\n\n\n<blockquote class=\"wp-block-quote is-layout-flow wp-block-quote-is-layout-flow\"><p>&#8220;J\u2019ai int\u00e9gr\u00e9 ES7 \u00e0 la suite d\u2019une offre de service civique que j\u2019ai vu passer sur LinkedIn. J\u2019ai pu concilier ce service civique avec mes \u00e9tudes en Master Management du Sport. C\u2019\u00e9tait une v\u00e9ritable opportunit\u00e9 pour moi que de pouvoir m\u2019investir au sein d\u2019une association dynamique et en plein d\u00e9veloppement. Fan de rugby, j\u2019avais aussi \u00e0 c\u0153ur de d\u00e9couvrir le sevens.&#8221;<\/p><cite>Louise<\/cite><\/blockquote>\n\n\n\n<blockquote class=\"wp-block-quote is-layout-flow wp-block-quote-is-layout-flow\"><p>&#8220;Suite a l\u2019annulation de mon stage de fin de Master de 4 mois, j\u2019ai eu la chance d\u2019int\u00e9grer ES7 en stage de Marketing Strat\u00e9gique et SEO. Les missions \u00e9taient compl\u00e8tes et int\u00e9ressantes, l\u2019ambiance aussi donc j\u2019ai fonc\u00e9.&#8221;<\/p><cite>Ariane<\/cite><\/blockquote>\n\n\n\n<p class=\"has-background\" style=\"background-color:#e50295\">Quelles \u00e9taient vos missions\u00a0?<\/p>\n\n\n\n<blockquote class=\"wp-block-quote is-layout-flow wp-block-quote-is-layout-flow\"><p>&#8220;Initialement, mes missions consistaient \u00e0 accompagner l\u2019asso \u00e0 l\u2019organisation et la cr\u00e9ation d\u2019\u00e9v\u00e9nements sportifs: Med Sevens, tournoi en r\u00e9gion toulousaine, Sevens Summer Camp. Malheureusement, deux de ceux-ci n\u2019ont pu \u00eatre r\u00e9alis\u00e9s \u00e0 cause du COVID. Je n\u2019ai donc pas pu aller au bout de toutes mes missions. De ce fait, j\u2019ai accompagn\u00e9 Laura sur la communication pendant la p\u00e9riode de confinement, puis j\u2019ai mis en place de nouveaux outils num\u00e9riques comme ceux permettant la d\u00e9mat\u00e9rialisation du Sevens Summer Camp. J\u2019ai \u00e9galement profit\u00e9 de ce temps pour r\u00e9aliser une analyse compl\u00e8te des r\u00e9seaux sociaux de l\u2019asso. Enfin, nous avons r\u00e9fl\u00e9chi \u00e0 l\u2019apr\u00e8s covid notamment avec la mise en place des lundi Sevens.&#8221;<\/p><cite>Louise<\/cite><\/blockquote>\n\n\n\n<blockquote class=\"wp-block-quote is-layout-flow wp-block-quote-is-layout-flow\"><p>&#8220;Mes missions consistaient \u00e0 d\u2019abord analyser l\u2019image d\u2019ES7 mais aussi voir la o\u00f9 ES7 pouvait progresser pour gagner en notori\u00e9t\u00e9. J\u2019ai aussi traduit et r\u00e9f\u00e9renc\u00e9 le site internet pour qu\u2019il remonte dans les classements dans les moteurs de recherche.&#8221;<\/p><cite>Ariane<\/cite><\/blockquote>\n\n\n\n<p class=\"has-background\" style=\"background-color:#e50295\">Qu&#8217;est ce que vous a apport\u00e9 votre exp\u00e9rience professionnelle chez ES7 ?<\/p>\n\n\n\n<blockquote class=\"wp-block-quote is-layout-flow wp-block-quote-is-layout-flow\"><p>&#8220;Cette exp\u00e9rience m\u2019a \u00e9norm\u00e9ment apport\u00e9 tant sur le plan professionnel que personnel. J\u2019ai d\u00e9velopp\u00e9 des comp\u00e9tences et savoir qui me manquaient auparavant, notamment dans la gestion de projet et la communication.&#8221;\u00a0<br><\/p><cite>Louise<\/cite><\/blockquote>\n\n\n\n<blockquote class=\"wp-block-quote is-layout-flow wp-block-quote-is-layout-flow\"><p>&#8220;\u00c9norm\u00e9ment ! J\u2019ai gagn\u00e9 en exp\u00e9rience, j\u2019ai d\u00e9velopp\u00e9 des nouvelles comp\u00e9tences qui rajoutent un vrai + sur mon CV. Gr\u00e2ce \u00e0 mon exp\u00e9rience \u00e0 ES7, je commence une nouvelle aventure professionnelle \u00e0 Paris !\u00a0&#8220;<\/p><cite>Ariane<\/cite><\/blockquote>\n\n\n\n<p class=\"has-black-color has-text-color has-background\" style=\"background-color:#e50295\">Qu&#8217;avez-vous pr\u00e9f\u00e9r\u00e9 pendant ce stage ?<\/p>\n\n\n\n<blockquote class=\"wp-block-quote is-layout-flow wp-block-quote-is-layout-flow\"><p>&#8220;Ce que j\u2019ai pr\u00e9f\u00e9r\u00e9, c\u2019est le fait de pouvoir concilier passion et travail. Le rugby \u00e0 7 est un sport qui m\u00e9rite qu\u2019on s\u2019y int\u00e9resse et le fait de travailler pour le d\u00e9veloppement de ce sport est tr\u00e8s attrayant. On ne s\u2019ennuie jamais, il y a toujours de nouvelles id\u00e9es \u00e0 apporter et de nouveaux projets \u00e0 r\u00e9aliser !\u00a0&#8220;<\/p><cite>Louise<\/cite><\/blockquote>\n\n\n\n<blockquote class=\"wp-block-quote is-layout-flow wp-block-quote-is-layout-flow\"><p>&#8220;L\u2019ambiance, mais aussi la diversit\u00e9 de mes missions. Stage super motivant et fun !&#8221;<\/p><cite>Ariane<\/cite><\/blockquote>\n\n\n\n<p class=\"has-background\" style=\"background-color:#e50295\">Un petit mot \u00e0 rajouter ? \ud83d\ude42<\/p>\n\n\n\n<blockquote class=\"wp-block-quote is-layout-flow wp-block-quote-is-layout-flow\"><p>&#8220;Tout d\u2019abord je remercierai toutes les personnes qui m\u2019ont accueillies pendant ce service civique, c\u2019\u00e9tait un r\u00e9el plaisir que de pouvoir travailler avec vous et dans une ambiance de travail aussi agr\u00e9able ! Et enfin, int\u00e9ressez vous au Sevens, soutenez l\u2019asso dans ses projets, vous ne serez pas d\u00e9\u00e7us !!&#8221;<\/p><cite>Louise<\/cite><\/blockquote>\n\n\n\n<blockquote class=\"wp-block-quote is-layout-flow wp-block-quote-is-layout-flow\"><p>&#8220;Merci au staff ES7 de m\u2019avoir m\u2019accueillie et m\u2019avoir fait vivre une superbe aventure !&#8221;<\/p><cite>Ariane<\/cite><\/blockquote>\n\n\n\n<p>Merci \u00e0 Louise et Ariane pour leur travail, leur implication et leur bonne humeur ! De nouvelles recrus nous rejoignent pour cette saison 2020-2021, stay tuned ! \ud83d\ude09<\/p>","protected":false},"excerpt":{"rendered":"<p>Quand nous parlons d\u2019Esprit Sud Sevens nous pensons \u00e0 nos joueurs, nos joueuses, nos entraineurs ou encore nos dirigeants mais nous pensons moins aux personnes en coulisses. Toutes ces petites mains qui travaillent chaque jour pour l&#8217;association, cach\u00e9es derri\u00e8re leur ordinateur, salari\u00e9s, stagiaires, services civiques, sont l\u00e0 pour vous ! Leur but ? faire vivre [&hellip;]<\/p>\n","protected":false},"author":1,"featured_media":3496,"comment_status":"open","ping_status":"open","sticky":false,"template":"","format":"standard","meta":{"_jetpack_memberships_contains_paid_content":false,"footnotes":""},"categories":[133,109],"tags":[],"class_list":["post-3493","post","type-post","status-publish","format-standard","has-post-thumbnail","hentry","category-actualites-du-club","category-temoignages"],"yoast_head":"<!-- This site is optimized with the Yoast SEO plugin v27.5 - https:\/\/yoast.com\/product\/yoast-seo-wordpress\/ -->\n<title>Louise et Ariane dans les coulisses d\u2019Esprit Sud Sevens. - Esprit Sud Sevens<\/title>\n<meta name=\"description\" content=\"L&#039;interview de Louise et Ariane, deux \u00e9tudiantes de Toulouse School of Management et stagiaires d&#039;Esprit Sud Sevens pour la saison 2019\/2020.\" \/>\n<meta name=\"robots\" content=\"index, follow, max-snippet:-1, max-image-preview:large, max-video-preview:-1\" \/>\n<link rel=\"canonical\" href=\"https:\/\/medsevens.fr\/en\/actualites-du-club\/louise-et-ariane-dans-les-coulisses-desprit-sud-sevens\/\" \/>\n<meta property=\"og:locale\" content=\"en_GB\" \/>\n<meta property=\"og:type\" content=\"article\" \/>\n<meta property=\"og:title\" content=\"Louise et Ariane dans les coulisses d\u2019Esprit Sud Sevens. - Esprit Sud Sevens\" \/>\n<meta property=\"og:description\" content=\"L&#039;interview de Louise et Ariane, deux \u00e9tudiantes de Toulouse School of Management et stagiaires d&#039;Esprit Sud Sevens pour la saison 2019\/2020.\" \/>\n<meta property=\"og:url\" content=\"https:\/\/medsevens.fr\/en\/actualites-du-club\/louise-et-ariane-dans-les-coulisses-desprit-sud-sevens\/\" \/>\n<meta property=\"og:site_name\" content=\"Esprit Sud Sevens\" \/>\n<meta property=\"article:publisher\" content=\"https:\/\/www.facebook.com\/espritsudsevens\/\" \/>\n<meta property=\"article:published_time\" content=\"2020-09-21T10:13:30+00:00\" \/>\n<meta property=\"article:modified_time\" content=\"2020-09-21T10:13:38+00:00\" \/>\n<meta property=\"og:image\" content=\"https:\/\/medsevens.fr\/wp-content\/uploads\/2020\/09\/20200605_122458-scaled.jpg\" \/>\n\t<meta property=\"og:image:width\" content=\"2560\" \/>\n\t<meta property=\"og:image:height\" content=\"1440\" \/>\n\t<meta property=\"og:image:type\" content=\"image\/jpeg\" \/>\n<meta name=\"author\" content=\"odussaut@free.fr\" \/>\n<meta name=\"twitter:card\" content=\"summary_large_image\" \/>\n<meta name=\"twitter:creator\" content=\"@espritsud7\" \/>\n<meta name=\"twitter:site\" content=\"@espritsud7\" \/>\n<meta name=\"twitter:label1\" content=\"Written by\" \/>\n\t<meta name=\"twitter:data1\" content=\"odussaut@free.fr\" \/>\n\t<meta name=\"twitter:label2\" content=\"Estimated reading time\" \/>\n\t<meta name=\"twitter:data2\" content=\"4 minutes\" \/>\n<script type=\"application\/ld+json\" class=\"yoast-schema-graph\">{\"@context\":\"https:\\\/\\\/schema.org\",\"@graph\":[{\"@type\":\"Article\",\"@id\":\"https:\\\/\\\/medsevens.fr\\\/en\\\/actualites-du-club\\\/louise-et-ariane-dans-les-coulisses-desprit-sud-sevens\\\/#article\",\"isPartOf\":{\"@id\":\"https:\\\/\\\/medsevens.fr\\\/en\\\/actualites-du-club\\\/louise-et-ariane-dans-les-coulisses-desprit-sud-sevens\\\/\"},\"author\":{\"name\":\"odussaut@free.fr\",\"@id\":\"https:\\\/\\\/medsevens.fr\\\/#\\\/schema\\\/person\\\/7a16bf788a9fd022be4adcb48f774bac\"},\"headline\":\"Louise et Ariane dans les coulisses d\u2019Esprit Sud Sevens.\",\"datePublished\":\"2020-09-21T10:13:30+00:00\",\"dateModified\":\"2020-09-21T10:13:38+00:00\",\"mainEntityOfPage\":{\"@id\":\"https:\\\/\\\/medsevens.fr\\\/en\\\/actualites-du-club\\\/louise-et-ariane-dans-les-coulisses-desprit-sud-sevens\\\/\"},\"wordCount\":833,\"commentCount\":0,\"publisher\":{\"@id\":\"https:\\\/\\\/medsevens.fr\\\/#organization\"},\"image\":{\"@id\":\"https:\\\/\\\/medsevens.fr\\\/en\\\/actualites-du-club\\\/louise-et-ariane-dans-les-coulisses-desprit-sud-sevens\\\/#primaryimage\"},\"thumbnailUrl\":\"https:\\\/\\\/medsevens.fr\\\/wp-content\\\/uploads\\\/2020\\\/09\\\/20200605_122458-scaled.jpg\",\"articleSection\":[\"Actualit\u00e9s du club\",\"T\u00e9moignages\"],\"inLanguage\":\"en-GB\",\"potentialAction\":[{\"@type\":\"CommentAction\",\"name\":\"Comment\",\"target\":[\"https:\\\/\\\/medsevens.fr\\\/en\\\/actualites-du-club\\\/louise-et-ariane-dans-les-coulisses-desprit-sud-sevens\\\/#respond\"]}]},{\"@type\":\"WebPage\",\"@id\":\"https:\\\/\\\/medsevens.fr\\\/en\\\/actualites-du-club\\\/louise-et-ariane-dans-les-coulisses-desprit-sud-sevens\\\/\",\"url\":\"https:\\\/\\\/medsevens.fr\\\/en\\\/actualites-du-club\\\/louise-et-ariane-dans-les-coulisses-desprit-sud-sevens\\\/\",\"name\":\"Louise et Ariane dans les coulisses d\u2019Esprit Sud Sevens. - Esprit Sud Sevens\",\"isPartOf\":{\"@id\":\"https:\\\/\\\/medsevens.fr\\\/#website\"},\"primaryImageOfPage\":{\"@id\":\"https:\\\/\\\/medsevens.fr\\\/en\\\/actualites-du-club\\\/louise-et-ariane-dans-les-coulisses-desprit-sud-sevens\\\/#primaryimage\"},\"image\":{\"@id\":\"https:\\\/\\\/medsevens.fr\\\/en\\\/actualites-du-club\\\/louise-et-ariane-dans-les-coulisses-desprit-sud-sevens\\\/#primaryimage\"},\"thumbnailUrl\":\"https:\\\/\\\/medsevens.fr\\\/wp-content\\\/uploads\\\/2020\\\/09\\\/20200605_122458-scaled.jpg\",\"datePublished\":\"2020-09-21T10:13:30+00:00\",\"dateModified\":\"2020-09-21T10:13:38+00:00\",\"description\":\"L'interview de Louise et Ariane, deux \u00e9tudiantes de Toulouse School of Management et stagiaires d'Esprit Sud Sevens pour la saison 2019\\\/2020.\",\"breadcrumb\":{\"@id\":\"https:\\\/\\\/medsevens.fr\\\/en\\\/actualites-du-club\\\/louise-et-ariane-dans-les-coulisses-desprit-sud-sevens\\\/#breadcrumb\"},\"inLanguage\":\"en-GB\",\"potentialAction\":[{\"@type\":\"ReadAction\",\"target\":[\"https:\\\/\\\/medsevens.fr\\\/en\\\/actualites-du-club\\\/louise-et-ariane-dans-les-coulisses-desprit-sud-sevens\\\/\"]}]},{\"@type\":\"ImageObject\",\"inLanguage\":\"en-GB\",\"@id\":\"https:\\\/\\\/medsevens.fr\\\/en\\\/actualites-du-club\\\/louise-et-ariane-dans-les-coulisses-desprit-sud-sevens\\\/#primaryimage\",\"url\":\"https:\\\/\\\/medsevens.fr\\\/wp-content\\\/uploads\\\/2020\\\/09\\\/20200605_122458-scaled.jpg\",\"contentUrl\":\"https:\\\/\\\/medsevens.fr\\\/wp-content\\\/uploads\\\/2020\\\/09\\\/20200605_122458-scaled.jpg\",\"width\":2560,\"height\":1440},{\"@type\":\"BreadcrumbList\",\"@id\":\"https:\\\/\\\/medsevens.fr\\\/en\\\/actualites-du-club\\\/louise-et-ariane-dans-les-coulisses-desprit-sud-sevens\\\/#breadcrumb\",\"itemListElement\":[{\"@type\":\"ListItem\",\"position\":1,\"name\":\"Home\",\"item\":\"https:\\\/\\\/medsevens.fr\\\/\"},{\"@type\":\"ListItem\",\"position\":2,\"name\":\"Louise et Ariane dans les coulisses d\u2019Esprit Sud Sevens.\"}]},{\"@type\":\"WebSite\",\"@id\":\"https:\\\/\\\/medsevens.fr\\\/#website\",\"url\":\"https:\\\/\\\/medsevens.fr\\\/\",\"name\":\"Esprit Sud Sevens\",\"description\":\"Sea, Sun and Sevens\",\"publisher\":{\"@id\":\"https:\\\/\\\/medsevens.fr\\\/#organization\"},\"potentialAction\":[{\"@type\":\"SearchAction\",\"target\":{\"@type\":\"EntryPoint\",\"urlTemplate\":\"https:\\\/\\\/medsevens.fr\\\/?s={search_term_string}\"},\"query-input\":{\"@type\":\"PropertyValueSpecification\",\"valueRequired\":true,\"valueName\":\"search_term_string\"}}],\"inLanguage\":\"en-GB\"},{\"@type\":\"Organization\",\"@id\":\"https:\\\/\\\/medsevens.fr\\\/#organization\",\"name\":\"Esprit Sud Sevenes\",\"url\":\"https:\\\/\\\/medsevens.fr\\\/\",\"logo\":{\"@type\":\"ImageObject\",\"inLanguage\":\"en-GB\",\"@id\":\"https:\\\/\\\/medsevens.fr\\\/#\\\/schema\\\/logo\\\/image\\\/\",\"url\":\"https:\\\/\\\/medsevens.fr\\\/wp-content\\\/uploads\\\/2020\\\/04\\\/Sans-titre-1.png\",\"contentUrl\":\"https:\\\/\\\/medsevens.fr\\\/wp-content\\\/uploads\\\/2020\\\/04\\\/Sans-titre-1.png\",\"width\":150,\"height\":150,\"caption\":\"Esprit Sud Sevenes\"},\"image\":{\"@id\":\"https:\\\/\\\/medsevens.fr\\\/#\\\/schema\\\/logo\\\/image\\\/\"},\"sameAs\":[\"https:\\\/\\\/www.facebook.com\\\/espritsudsevens\\\/\",\"https:\\\/\\\/x.com\\\/espritsud7\",\"https:\\\/\\\/www.instagram.com\\\/espritsudsevens\\\/\",\"https:\\\/\\\/www.linkedin.com\\\/company\\\/46645187\\\/\",\"https:\\\/\\\/www.youtube.com\\\/channel\\\/UCLxo6q7LE_zP7fVXGtgvvtQ\"]},{\"@type\":\"Person\",\"@id\":\"https:\\\/\\\/medsevens.fr\\\/#\\\/schema\\\/person\\\/7a16bf788a9fd022be4adcb48f774bac\",\"name\":\"odussaut@free.fr\",\"image\":{\"@type\":\"ImageObject\",\"inLanguage\":\"en-GB\",\"@id\":\"https:\\\/\\\/secure.gravatar.com\\\/avatar\\\/3c9ef9e5a9ecca3d05a8fdcad378e059ae1caa52c48d3d97300dc397f03b8461?s=96&d=mm&r=g\",\"url\":\"https:\\\/\\\/secure.gravatar.com\\\/avatar\\\/3c9ef9e5a9ecca3d05a8fdcad378e059ae1caa52c48d3d97300dc397f03b8461?s=96&d=mm&r=g\",\"contentUrl\":\"https:\\\/\\\/secure.gravatar.com\\\/avatar\\\/3c9ef9e5a9ecca3d05a8fdcad378e059ae1caa52c48d3d97300dc397f03b8461?s=96&d=mm&r=g\",\"caption\":\"odussaut@free.fr\"},\"url\":\"https:\\\/\\\/medsevens.fr\\\/en\\\/author\\\/odussautfree-fr\\\/\"}]}<\/script>\n<!-- \/ Yoast SEO plugin. -->","yoast_head_json":{"title":"Louise et Ariane dans les coulisses d\u2019Esprit Sud Sevens. - Esprit Sud Sevens","description":"L'interview de Louise et Ariane, deux \u00e9tudiantes de Toulouse School of Management et stagiaires d'Esprit Sud Sevens pour la saison 2019\/2020.","robots":{"index":"index","follow":"follow","max-snippet":"max-snippet:-1","max-image-preview":"max-image-preview:large","max-video-preview":"max-video-preview:-1"},"canonical":"https:\/\/medsevens.fr\/en\/actualites-du-club\/louise-et-ariane-dans-les-coulisses-desprit-sud-sevens\/","og_locale":"en_GB","og_type":"article","og_title":"Louise et Ariane dans les coulisses d\u2019Esprit Sud Sevens. - Esprit Sud Sevens","og_description":"L'interview de Louise et Ariane, deux \u00e9tudiantes de Toulouse School of Management et stagiaires d'Esprit Sud Sevens pour la saison 2019\/2020.","og_url":"https:\/\/medsevens.fr\/en\/actualites-du-club\/louise-et-ariane-dans-les-coulisses-desprit-sud-sevens\/","og_site_name":"Esprit Sud Sevens","article_publisher":"https:\/\/www.facebook.com\/espritsudsevens\/","article_published_time":"2020-09-21T10:13:30+00:00","article_modified_time":"2020-09-21T10:13:38+00:00","og_image":[{"width":2560,"height":1440,"url":"https:\/\/medsevens.fr\/wp-content\/uploads\/2020\/09\/20200605_122458-scaled.jpg","type":"image\/jpeg"}],"author":"odussaut@free.fr","twitter_card":"summary_large_image","twitter_creator":"@espritsud7","twitter_site":"@espritsud7","twitter_misc":{"Written by":"odussaut@free.fr","Estimated reading time":"4 minutes"},"schema":{"@context":"https:\/\/schema.org","@graph":[{"@type":"Article","@id":"https:\/\/medsevens.fr\/en\/actualites-du-club\/louise-et-ariane-dans-les-coulisses-desprit-sud-sevens\/#article","isPartOf":{"@id":"https:\/\/medsevens.fr\/en\/actualites-du-club\/louise-et-ariane-dans-les-coulisses-desprit-sud-sevens\/"},"author":{"name":"odussaut@free.fr","@id":"https:\/\/medsevens.fr\/#\/schema\/person\/7a16bf788a9fd022be4adcb48f774bac"},"headline":"Louise et Ariane dans les coulisses d\u2019Esprit Sud Sevens.","datePublished":"2020-09-21T10:13:30+00:00","dateModified":"2020-09-21T10:13:38+00:00","mainEntityOfPage":{"@id":"https:\/\/medsevens.fr\/en\/actualites-du-club\/louise-et-ariane-dans-les-coulisses-desprit-sud-sevens\/"},"wordCount":833,"commentCount":0,"publisher":{"@id":"https:\/\/medsevens.fr\/#organization"},"image":{"@id":"https:\/\/medsevens.fr\/en\/actualites-du-club\/louise-et-ariane-dans-les-coulisses-desprit-sud-sevens\/#primaryimage"},"thumbnailUrl":"https:\/\/medsevens.fr\/wp-content\/uploads\/2020\/09\/20200605_122458-scaled.jpg","articleSection":["Actualit\u00e9s du club","T\u00e9moignages"],"inLanguage":"en-GB","potentialAction":[{"@type":"CommentAction","name":"Comment","target":["https:\/\/medsevens.fr\/en\/actualites-du-club\/louise-et-ariane-dans-les-coulisses-desprit-sud-sevens\/#respond"]}]},{"@type":"WebPage","@id":"https:\/\/medsevens.fr\/en\/actualites-du-club\/louise-et-ariane-dans-les-coulisses-desprit-sud-sevens\/","url":"https:\/\/medsevens.fr\/en\/actualites-du-club\/louise-et-ariane-dans-les-coulisses-desprit-sud-sevens\/","name":"Louise et Ariane dans les coulisses d\u2019Esprit Sud Sevens. - Esprit Sud Sevens","isPartOf":{"@id":"https:\/\/medsevens.fr\/#website"},"primaryImageOfPage":{"@id":"https:\/\/medsevens.fr\/en\/actualites-du-club\/louise-et-ariane-dans-les-coulisses-desprit-sud-sevens\/#primaryimage"},"image":{"@id":"https:\/\/medsevens.fr\/en\/actualites-du-club\/louise-et-ariane-dans-les-coulisses-desprit-sud-sevens\/#primaryimage"},"thumbnailUrl":"https:\/\/medsevens.fr\/wp-content\/uploads\/2020\/09\/20200605_122458-scaled.jpg","datePublished":"2020-09-21T10:13:30+00:00","dateModified":"2020-09-21T10:13:38+00:00","description":"L'interview de Louise et Ariane, deux \u00e9tudiantes de Toulouse School of Management et stagiaires d'Esprit Sud Sevens pour la saison 2019\/2020.","breadcrumb":{"@id":"https:\/\/medsevens.fr\/en\/actualites-du-club\/louise-et-ariane-dans-les-coulisses-desprit-sud-sevens\/#breadcrumb"},"inLanguage":"en-GB","potentialAction":[{"@type":"ReadAction","target":["https:\/\/medsevens.fr\/en\/actualites-du-club\/louise-et-ariane-dans-les-coulisses-desprit-sud-sevens\/"]}]},{"@type":"ImageObject","inLanguage":"en-GB","@id":"https:\/\/medsevens.fr\/en\/actualites-du-club\/louise-et-ariane-dans-les-coulisses-desprit-sud-sevens\/#primaryimage","url":"https:\/\/medsevens.fr\/wp-content\/uploads\/2020\/09\/20200605_122458-scaled.jpg","contentUrl":"https:\/\/medsevens.fr\/wp-content\/uploads\/2020\/09\/20200605_122458-scaled.jpg","width":2560,"height":1440},{"@type":"BreadcrumbList","@id":"https:\/\/medsevens.fr\/en\/actualites-du-club\/louise-et-ariane-dans-les-coulisses-desprit-sud-sevens\/#breadcrumb","itemListElement":[{"@type":"ListItem","position":1,"name":"Home","item":"https:\/\/medsevens.fr\/"},{"@type":"ListItem","position":2,"name":"Louise et Ariane dans les coulisses d\u2019Esprit Sud Sevens."}]},{"@type":"WebSite","@id":"https:\/\/medsevens.fr\/#website","url":"https:\/\/medsevens.fr\/","name":"Esprit Sud Sevens","description":"Sea, Sun and Sevens","publisher":{"@id":"https:\/\/medsevens.fr\/#organization"},"potentialAction":[{"@type":"SearchAction","target":{"@type":"EntryPoint","urlTemplate":"https:\/\/medsevens.fr\/?s={search_term_string}"},"query-input":{"@type":"PropertyValueSpecification","valueRequired":true,"valueName":"search_term_string"}}],"inLanguage":"en-GB"},{"@type":"Organization","@id":"https:\/\/medsevens.fr\/#organization","name":"Esprit Sud Sevenes","url":"https:\/\/medsevens.fr\/","logo":{"@type":"ImageObject","inLanguage":"en-GB","@id":"https:\/\/medsevens.fr\/#\/schema\/logo\/image\/","url":"https:\/\/medsevens.fr\/wp-content\/uploads\/2020\/04\/Sans-titre-1.png","contentUrl":"https:\/\/medsevens.fr\/wp-content\/uploads\/2020\/04\/Sans-titre-1.png","width":150,"height":150,"caption":"Esprit Sud Sevenes"},"image":{"@id":"https:\/\/medsevens.fr\/#\/schema\/logo\/image\/"},"sameAs":["https:\/\/www.facebook.com\/espritsudsevens\/","https:\/\/x.com\/espritsud7","https:\/\/www.instagram.com\/espritsudsevens\/","https:\/\/www.linkedin.com\/company\/46645187\/","https:\/\/www.youtube.com\/channel\/UCLxo6q7LE_zP7fVXGtgvvtQ"]},{"@type":"Person","@id":"https:\/\/medsevens.fr\/#\/schema\/person\/7a16bf788a9fd022be4adcb48f774bac","name":"odussaut@free.fr","image":{"@type":"ImageObject","inLanguage":"en-GB","@id":"https:\/\/secure.gravatar.com\/avatar\/3c9ef9e5a9ecca3d05a8fdcad378e059ae1caa52c48d3d97300dc397f03b8461?s=96&d=mm&r=g","url":"https:\/\/secure.gravatar.com\/avatar\/3c9ef9e5a9ecca3d05a8fdcad378e059ae1caa52c48d3d97300dc397f03b8461?s=96&d=mm&r=g","contentUrl":"https:\/\/secure.gravatar.com\/avatar\/3c9ef9e5a9ecca3d05a8fdcad378e059ae1caa52c48d3d97300dc397f03b8461?s=96&d=mm&r=g","caption":"odussaut@free.fr"},"url":"https:\/\/medsevens.fr\/en\/author\/odussautfree-fr\/"}]}},"jetpack_featured_media_url":"https:\/\/medsevens.fr\/wp-content\/uploads\/2020\/09\/20200605_122458-scaled.jpg","jetpack_sharing_enabled":true,"_links":{"self":[{"href":"https:\/\/medsevens.fr\/en\/wp-json\/wp\/v2\/posts\/3493","targetHints":{"allow":["GET"]}}],"collection":[{"href":"https:\/\/medsevens.fr\/en\/wp-json\/wp\/v2\/posts"}],"about":[{"href":"https:\/\/medsevens.fr\/en\/wp-json\/wp\/v2\/types\/post"}],"author":[{"embeddable":true,"href":"https:\/\/medsevens.fr\/en\/wp-json\/wp\/v2\/users\/1"}],"replies":[{"embeddable":true,"href":"https:\/\/medsevens.fr\/en\/wp-json\/wp\/v2\/comments?post=3493"}],"version-history":[{"count":0,"href":"https:\/\/medsevens.fr\/en\/wp-json\/wp\/v2\/posts\/3493\/revisions"}],"wp:featuredmedia":[{"embeddable":true,"href":"https:\/\/medsevens.fr\/en\/wp-json\/wp\/v2\/media\/3496"}],"wp:attachment":[{"href":"https:\/\/medsevens.fr\/en\/wp-json\/wp\/v2\/media?parent=3493"}],"wp:term":[{"taxonomy":"category","embeddable":true,"href":"https:\/\/medsevens.fr\/en\/wp-json\/wp\/v2\/categories?post=3493"},{"taxonomy":"post_tag","embeddable":true,"href":"https:\/\/medsevens.fr\/en\/wp-json\/wp\/v2\/tags?post=3493"}],"curies":[{"name":"wp","href":"https:\/\/api.w.org\/{rel}","templated":true}]}}