{"id":3994,"date":"2021-01-10T13:30:47","date_gmt":"2021-01-10T12:30:47","guid":{"rendered":"https:\/\/medsevens.fr\/?p=3994"},"modified":"2021-01-10T13:30:54","modified_gmt":"2021-01-10T12:30:54","slug":"pour-ses-10-ans-es7-lance-son-amicale-des-joueurs","status":"publish","type":"post","link":"https:\/\/medsevens.fr\/en\/actualites-du-club\/pour-ses-10-ans-es7-lance-son-amicale-des-joueurs\/","title":{"rendered":"Pour ses 10 ans, ES7 lance son amicale des joueurs"},"content":{"rendered":"<p>Force est de constater que l&#8217;\u00e9pid\u00e9mie n&#8217;arr\u00eate pas notre association, pour cette saison Esprit Sud Sevens lance l&#8217; Amicale des Joueurs. Groupe distinct du club, cette amicale est compos\u00e9e de douze membres : six filles\/ six gar\u00e7ons (H\u00e9 oui, vous l&#8217;aurez remarqu\u00e9 la parit\u00e9 est de mise chez Esprit Sud  \ud83d\ude09 !). <\/p>\n\n\n\n<p>Ces 12 membres, joueurs, joueuses ou coachs, ont pour missions de r\u00e9fl\u00e9chir (a\u00efe, a\u00efe r\u00e9fl\u00e9chir&#8230;) \u00e0 am\u00e9liorer la vie interne des \u00e9quipes Esprit Sud Sevens. Ainsi tout le long de la saison, ils sont charg\u00e9s de pr\u00e9parer les journ\u00e9es de coh\u00e9sion mais aussi de chercher et collecter des fonds qui leur seront propres et avec lesquels ils pourront voir plus grand : dotation, tournois \u00e0 l&#8217;\u00e9tranger, soir\u00e9es&#8230;<\/p>\n\n\n\n<h2 class=\"has-text-color wp-block-heading\" style=\"color:#e50295\">Amicale des joueurs : qui sont-ils ?<\/h2>\n\n\n\n<p>Joyeux, timides, prof, dormeurs ou grincheux, nous avons de sacr\u00e9s personnages dans cette \u00e9quipe. On y parle sevens, soir\u00e9es, bi\u00e8re, sortie&#8230; et tournois bien s\u00fbr.<\/p>\n\n\n\n<p>Aller, on vous les pr\u00e9sente :<\/p>\n\n\n\n<p class=\"has-background\" style=\"background-color:#e50295\"><strong>Jeremy Girard, plus connu sur le nom de Gigi <\/strong>:<\/p>\n\n\n\n<div class=\"wp-block-columns is-layout-flex wp-container-core-columns-is-layout-28f84493 wp-block-columns-is-layout-flex\">\n<div class=\"wp-block-column is-layout-flow wp-block-column-is-layout-flow\">\n<p><\/p>\n\n\n\n<p><a href=\"https:\/\/medsevens.fr\/en\/les-portraits-des-membres-es7\/les-portraits-jeremy-girard\/\">Gigi<\/a>, c\u2019est l\u2019ancien du groupe. Il joue \u00e0 Esprit Sud Sevens depuis six ans. Il est animateur ALAE (Accueil de loisirs associ\u00e9 \u00e0 l&#8217;\u00e9cole) et ALSH (Accueil de loisirs Sans H\u00e9bergement) \u00e0 Toulouse. <\/p>\n\n\n\n<p>Dans l\u2019amicale des joueurs, Gigi aidera sur l\u2019organisation d\u2019\u00e9v\u00e8nements et les stages de coh\u00e9sion. Son envie est de cr\u00e9er du lien entre les membres de l\u2019association.&nbsp;<\/p>\n<\/div>\n\n\n\n<div class=\"wp-block-column is-layout-flow wp-block-column-is-layout-flow\">\n<div class=\"wp-block-image\"><figure class=\"aligncenter size-medium\"><img fetchpriority=\"high\" decoding=\"async\" width=\"300\" height=\"300\" src=\"https:\/\/medsevens.fr\/wp-content\/uploads\/2020\/04\/GIGI-300x300.png\" alt=\"Image de J\u00e9r\u00e9my Girard en pleine action pendant un match de Sevens, pour illustrer son portrait\" class=\"wp-image-2312\" srcset=\"https:\/\/medsevens.fr\/wp-content\/uploads\/2020\/04\/GIGI-300x300.png 300w, https:\/\/medsevens.fr\/wp-content\/uploads\/2020\/04\/GIGI-100x100.png 100w, https:\/\/medsevens.fr\/wp-content\/uploads\/2020\/04\/GIGI-600x600.png 600w, https:\/\/medsevens.fr\/wp-content\/uploads\/2020\/04\/GIGI-1024x1024.png 1024w, https:\/\/medsevens.fr\/wp-content\/uploads\/2020\/04\/GIGI-150x150.png 150w, https:\/\/medsevens.fr\/wp-content\/uploads\/2020\/04\/GIGI-768x768.png 768w, https:\/\/medsevens.fr\/wp-content\/uploads\/2020\/04\/GIGI-370x370.png 370w, https:\/\/medsevens.fr\/wp-content\/uploads\/2020\/04\/GIGI-324x324.png 324w, https:\/\/medsevens.fr\/wp-content\/uploads\/2020\/04\/GIGI-416x416.png 416w, https:\/\/medsevens.fr\/wp-content\/uploads\/2020\/04\/GIGI.png 1080w\" sizes=\"(max-width: 300px) 100vw, 300px\" \/><\/figure><\/div>\n<\/div>\n<\/div>\n\n\n\n<p class=\"has-background\" style=\"background-color:#e50295\"><strong>Jos\u00e9phine Dupr\u00e9<\/strong> <strong>ou Jo<\/strong> :<\/p>\n\n\n\n<div class=\"wp-block-columns is-layout-flex wp-container-core-columns-is-layout-28f84493 wp-block-columns-is-layout-flex\">\n<div class=\"wp-block-column is-layout-flow wp-block-column-is-layout-flow\">\n<p>De Lunel, <a href=\"https:\/\/medsevens.fr\/en\/les-portraits-des-membres-es7\/les-portraits-josephine-dupre\/\">Jos\u00e9phine <\/a>est \u00e9tudiante en STAPS (Sciences et Techniques des Activit\u00e9s Physiques et Sportives).<\/p>\n\n\n\n<p>Appliqu\u00e9e, positive et f\u00eatarde, elle est l\u00e0 pour organiser les \u00e9v\u00e9nements et les stages de coh\u00e9sion : \u00ab&nbsp;Un MAX DE STAGE DE COHESION&nbsp;\u00bb.&nbsp;<\/p>\n<\/div>\n\n\n\n<div class=\"wp-block-column is-layout-flow wp-block-column-is-layout-flow\">\n<div class=\"wp-block-image\"><figure class=\"aligncenter size-medium\"><img decoding=\"async\" width=\"300\" height=\"300\" src=\"https:\/\/medsevens.fr\/wp-content\/uploads\/2020\/06\/JOSEPHINE-300x300.png\" alt=\"Image de Jos\u00e9phine Dupr\u00e9, Joueuse \u00e0 Esprit Sud Sevens, En pleine action lors d'un match de rugby \u00e0 7, pour illustrer son portrait\" class=\"wp-image-2673\" srcset=\"https:\/\/medsevens.fr\/wp-content\/uploads\/2020\/06\/JOSEPHINE-300x300.png 300w, https:\/\/medsevens.fr\/wp-content\/uploads\/2020\/06\/JOSEPHINE-100x100.png 100w, https:\/\/medsevens.fr\/wp-content\/uploads\/2020\/06\/JOSEPHINE-600x600.png 600w, https:\/\/medsevens.fr\/wp-content\/uploads\/2020\/06\/JOSEPHINE-1024x1024.png 1024w, https:\/\/medsevens.fr\/wp-content\/uploads\/2020\/06\/JOSEPHINE-150x150.png 150w, https:\/\/medsevens.fr\/wp-content\/uploads\/2020\/06\/JOSEPHINE-768x768.png 768w, https:\/\/medsevens.fr\/wp-content\/uploads\/2020\/06\/JOSEPHINE-370x370.png 370w, https:\/\/medsevens.fr\/wp-content\/uploads\/2020\/06\/JOSEPHINE-324x324.png 324w, https:\/\/medsevens.fr\/wp-content\/uploads\/2020\/06\/JOSEPHINE-416x416.png 416w, https:\/\/medsevens.fr\/wp-content\/uploads\/2020\/06\/JOSEPHINE.png 1080w\" sizes=\"(max-width: 300px) 100vw, 300px\" \/><\/figure><\/div>\n<\/div>\n<\/div>\n\n\n\n<p class=\"has-background\" style=\"background-color:#e50295\"><strong>Violaine Moli\u00e8re, Vio :<\/strong><\/p>\n\n\n\n<div class=\"wp-block-columns is-layout-flex wp-container-core-columns-is-layout-28f84493 wp-block-columns-is-layout-flex\">\n<div class=\"wp-block-column is-layout-flow wp-block-column-is-layout-flow\">\n<p><a href=\"https:\/\/medsevens.fr\/en\/les-portraits-des-membres-es7\/les-portraits-violaine-moliere\/\">Violaine<\/a> se consacre totalement au rugby \u00e0 7 avec Esprit Sud Sevens. <\/p>\n\n\n\n<p>R\u00e9serv\u00e9e dans la vie mais remont\u00e9e comme une pendule sur un terrain, elle fait partie du p\u00f4le textile (c&#8217;est-\u00e0-dire la dotation). Elle voudrait que l\u2019amicale puisse \u00ab&nbsp;donner envie \u00e0 d\u2019autres d\u2019int\u00e9grer Esprit Sud Sevens&nbsp;\u00bb.<\/p>\n<\/div>\n\n\n\n<div class=\"wp-block-column is-layout-flow wp-block-column-is-layout-flow\">\n<figure class=\"wp-block-image size-medium\"><img decoding=\"async\" width=\"300\" height=\"300\" src=\"https:\/\/medsevens.fr\/wp-content\/uploads\/2020\/08\/VIOLAINE-300x300.jpg\" alt=\"Violaine lors du MEd Sevens\" class=\"wp-image-3406\" srcset=\"https:\/\/medsevens.fr\/wp-content\/uploads\/2020\/08\/VIOLAINE-300x300.jpg 300w, https:\/\/medsevens.fr\/wp-content\/uploads\/2020\/08\/VIOLAINE-100x100.jpg 100w, https:\/\/medsevens.fr\/wp-content\/uploads\/2020\/08\/VIOLAINE-600x600.jpg 600w, https:\/\/medsevens.fr\/wp-content\/uploads\/2020\/08\/VIOLAINE-1024x1024.jpg 1024w, https:\/\/medsevens.fr\/wp-content\/uploads\/2020\/08\/VIOLAINE-150x150.jpg 150w, https:\/\/medsevens.fr\/wp-content\/uploads\/2020\/08\/VIOLAINE-768x768.jpg 768w, https:\/\/medsevens.fr\/wp-content\/uploads\/2020\/08\/VIOLAINE-370x370.jpg 370w, https:\/\/medsevens.fr\/wp-content\/uploads\/2020\/08\/VIOLAINE-324x324.jpg 324w, https:\/\/medsevens.fr\/wp-content\/uploads\/2020\/08\/VIOLAINE-416x416.jpg 416w, https:\/\/medsevens.fr\/wp-content\/uploads\/2020\/08\/VIOLAINE.jpg 1080w\" sizes=\"(max-width: 300px) 100vw, 300px\" \/><\/figure>\n<\/div>\n<\/div>\n\n\n\n<p class=\"has-black-color has-text-color has-background\" style=\"background-color:#e50295\"><strong>Guillaume Cazes, autrement appel\u00e9 Cazou<\/strong> :<\/p>\n\n\n\n<div class=\"wp-block-columns is-layout-flex wp-container-core-columns-is-layout-28f84493 wp-block-columns-is-layout-flex\">\n<div class=\"wp-block-column is-layout-flow wp-block-column-is-layout-flow\">\n<p>De Mazamet, il est vendeur \u00e0 La Vie Claire. Bon vivant, \u00e0 ES7 <a href=\"https:\/\/medsevens.fr\/en\/les-portraits-des-membres-es7\/les-portraits-guillaume-cazes\/\">Cazou<\/a> est l&#8217;un des plus anciens. <\/p>\n\n\n\n<p>Il souhaite \u00ab&nbsp;continuer \u00e0 faire grandir l\u2019association \u00e0 travers des \u00e9v\u00e9nements qui peuvent nous permettre de faire des tournois \u00e0 l\u2019\u00e9tranger ou faire des soir\u00e9es&nbsp;\ud83e\udd2a\ud83e\udd2a&nbsp;\u00bb<\/p>\n<\/div>\n\n\n\n<div class=\"wp-block-column is-layout-flow wp-block-column-is-layout-flow\">\n<figure class=\"wp-block-image size-medium\"><img loading=\"lazy\" decoding=\"async\" width=\"300\" height=\"300\" src=\"https:\/\/medsevens.fr\/wp-content\/uploads\/2020\/07\/CAZES-300x300.png\" alt=\"Guillaume Cazes lors du Med Sevens sous les couleurs d'Esprit Sud Sevens\" class=\"wp-image-3254\" srcset=\"https:\/\/medsevens.fr\/wp-content\/uploads\/2020\/07\/CAZES-300x300.png 300w, https:\/\/medsevens.fr\/wp-content\/uploads\/2020\/07\/CAZES-100x100.png 100w, https:\/\/medsevens.fr\/wp-content\/uploads\/2020\/07\/CAZES-600x600.png 600w, https:\/\/medsevens.fr\/wp-content\/uploads\/2020\/07\/CAZES-1024x1024.png 1024w, https:\/\/medsevens.fr\/wp-content\/uploads\/2020\/07\/CAZES-150x150.png 150w, https:\/\/medsevens.fr\/wp-content\/uploads\/2020\/07\/CAZES-768x768.png 768w, https:\/\/medsevens.fr\/wp-content\/uploads\/2020\/07\/CAZES-370x370.png 370w, https:\/\/medsevens.fr\/wp-content\/uploads\/2020\/07\/CAZES-324x324.png 324w, https:\/\/medsevens.fr\/wp-content\/uploads\/2020\/07\/CAZES-416x416.png 416w, https:\/\/medsevens.fr\/wp-content\/uploads\/2020\/07\/CAZES.png 1080w\" sizes=\"(max-width: 300px) 100vw, 300px\" \/><\/figure>\n<\/div>\n<\/div>\n\n\n\n<p class=\"has-background\" style=\"background-color:#e50295\"><strong>Comme il ne faut jamais s\u00e9parer un duo : voici Pierre Chastaing ou Chaste<\/strong> :<\/p>\n\n\n\n<div class=\"wp-block-columns is-layout-flex wp-container-core-columns-is-layout-28f84493 wp-block-columns-is-layout-flex\">\n<div class=\"wp-block-column is-layout-flow wp-block-column-is-layout-flow\">\n<p><a href=\"https:\/\/medsevens.fr\/en\/les-portraits-des-membres-es7\/les-portraits-pierre-chastaing\/\">Chaste<\/a> est pr\u00e9sent \u00e0 Esprit Sud Sevens depuis 4 ans. De Aubenas, en plus d\u2019\u00eatre rugbyman il est \u00e9tudiant en droit immobilier. <\/p>\n\n\n\n<p>Dynamique, f\u00eatard et organis\u00e9, il saura \u00eatre utile au groupe. Il souhaiterait que l\u2019amicale&nbsp;\u00ab&nbsp;permette d\u2019am\u00e9liorer la coh\u00e9sion au sein de l\u2019association&nbsp;\u00bb.<\/p>\n<\/div>\n\n\n\n<div class=\"wp-block-column is-layout-flow wp-block-column-is-layout-flow\">\n<figure class=\"wp-block-image size-medium\"><img loading=\"lazy\" decoding=\"async\" width=\"300\" height=\"300\" src=\"https:\/\/medsevens.fr\/wp-content\/uploads\/2020\/05\/CHASTAING-300x300.png\" alt=\"Image de Pierre Chastaing en pleine action pendant un match de Sevens, pour illustrer son portrait\" class=\"wp-image-2600\" srcset=\"https:\/\/medsevens.fr\/wp-content\/uploads\/2020\/05\/CHASTAING-300x300.png 300w, https:\/\/medsevens.fr\/wp-content\/uploads\/2020\/05\/CHASTAING-100x100.png 100w, https:\/\/medsevens.fr\/wp-content\/uploads\/2020\/05\/CHASTAING-600x600.png 600w, https:\/\/medsevens.fr\/wp-content\/uploads\/2020\/05\/CHASTAING-1024x1024.png 1024w, https:\/\/medsevens.fr\/wp-content\/uploads\/2020\/05\/CHASTAING-150x150.png 150w, https:\/\/medsevens.fr\/wp-content\/uploads\/2020\/05\/CHASTAING-768x768.png 768w, https:\/\/medsevens.fr\/wp-content\/uploads\/2020\/05\/CHASTAING-370x370.png 370w, https:\/\/medsevens.fr\/wp-content\/uploads\/2020\/05\/CHASTAING-324x324.png 324w, https:\/\/medsevens.fr\/wp-content\/uploads\/2020\/05\/CHASTAING-416x416.png 416w, https:\/\/medsevens.fr\/wp-content\/uploads\/2020\/05\/CHASTAING.png 1080w\" sizes=\"(max-width: 300px) 100vw, 300px\" \/><\/figure>\n<\/div>\n<\/div>\n\n\n\n<p class=\"has-background\" style=\"background-color:#e50295\"><strong>Jamais tr\u00e8s loin, nous vous pr\u00e9sentons le troisi\u00e8me&nbsp;bringueur\u2026 heu joueur, Maxime C\u00e8be<\/strong> :<\/p>\n\n\n\n<div class=\"wp-block-columns is-layout-flex wp-container-core-columns-is-layout-28f84493 wp-block-columns-is-layout-flex\">\n<div class=\"wp-block-column is-layout-flow wp-block-column-is-layout-flow\">\n<p><a href=\"https:\/\/medsevens.fr\/en\/les-portraits-des-membres-es7\/les-portraits-maxime-cebe\/\">Maxime<\/a> a int\u00e9gr\u00e9 ES7 il y a 4 ans. De Lavilledieu, il joue au RC Aubenas Vals. Il est calme, dr\u00f4le et charismatique (c\u2019est lui qui le dit&#8230;). <\/p>\n\n\n\n<p>Pour l\u2019amicale le but est, en prenant ses mots, de \u00ab faire rentrer des ronds&nbsp;!!!&nbsp;\u00bb.&nbsp;<\/p>\n<\/div>\n\n\n\n<div class=\"wp-block-column is-layout-flow wp-block-column-is-layout-flow\">\n<figure class=\"wp-block-image size-medium\"><img loading=\"lazy\" decoding=\"async\" width=\"300\" height=\"300\" src=\"https:\/\/medsevens.fr\/wp-content\/uploads\/2020\/04\/CEBE-300x300.png\" alt=\"Image de Maxime C\u00e8be en pleine action pendant un match de Sevens, pour illustrer son portrait\" class=\"wp-image-2307\" srcset=\"https:\/\/medsevens.fr\/wp-content\/uploads\/2020\/04\/CEBE-300x300.png 300w, https:\/\/medsevens.fr\/wp-content\/uploads\/2020\/04\/CEBE-100x100.png 100w, https:\/\/medsevens.fr\/wp-content\/uploads\/2020\/04\/CEBE-600x600.png 600w, https:\/\/medsevens.fr\/wp-content\/uploads\/2020\/04\/CEBE-1024x1024.png 1024w, https:\/\/medsevens.fr\/wp-content\/uploads\/2020\/04\/CEBE-150x150.png 150w, https:\/\/medsevens.fr\/wp-content\/uploads\/2020\/04\/CEBE-768x768.png 768w, https:\/\/medsevens.fr\/wp-content\/uploads\/2020\/04\/CEBE-370x370.png 370w, https:\/\/medsevens.fr\/wp-content\/uploads\/2020\/04\/CEBE-324x324.png 324w, https:\/\/medsevens.fr\/wp-content\/uploads\/2020\/04\/CEBE-416x416.png 416w, https:\/\/medsevens.fr\/wp-content\/uploads\/2020\/04\/CEBE.png 1080w\" sizes=\"(max-width: 300px) 100vw, 300px\" \/><\/figure>\n<\/div>\n<\/div>\n\n\n\n<p class=\"has-background\" style=\"background-color:#e50295\"><strong>Vanessa Assiam, Vaness<\/strong> :<\/p>\n\n\n\n<div class=\"wp-block-columns is-layout-flex wp-container-core-columns-is-layout-28f84493 wp-block-columns-is-layout-flex\">\n<div class=\"wp-block-column is-layout-flow wp-block-column-is-layout-flow\">\n<p>De N\u00eemes, <a href=\"https:\/\/medsevens.fr\/en\/les-portraits-des-membres-es7\/les-portraits-vanessa-assiam\/\">Vaness<\/a> est \u00e9tudiante en BTS M\u00e9tiers du G\u00e9om\u00e8tre Topographe et de la Mod\u00e9lisation Num\u00e9rique.<\/p>\n\n\n\n<p>Spontan\u00e9e, f\u00eatarde, et \u00e9tant LA danseuse du groupe, elle saura vous organiser des stages de coh\u00e9sion de folie.&nbsp;<\/p>\n<\/div>\n\n\n\n<div class=\"wp-block-column is-layout-flow wp-block-column-is-layout-flow\">\n<figure class=\"wp-block-image size-medium\"><img loading=\"lazy\" decoding=\"async\" width=\"300\" height=\"300\" src=\"https:\/\/medsevens.fr\/wp-content\/uploads\/2020\/04\/VANESS-300x300.png\" alt=\"Image de Vanessa Assiam en pleine action pendant un match de Sevens, pour illustrer son portrait\" class=\"wp-image-2320\" srcset=\"https:\/\/medsevens.fr\/wp-content\/uploads\/2020\/04\/VANESS-300x300.png 300w, https:\/\/medsevens.fr\/wp-content\/uploads\/2020\/04\/VANESS-100x100.png 100w, https:\/\/medsevens.fr\/wp-content\/uploads\/2020\/04\/VANESS-600x600.png 600w, https:\/\/medsevens.fr\/wp-content\/uploads\/2020\/04\/VANESS-1024x1024.png 1024w, https:\/\/medsevens.fr\/wp-content\/uploads\/2020\/04\/VANESS-150x150.png 150w, https:\/\/medsevens.fr\/wp-content\/uploads\/2020\/04\/VANESS-768x768.png 768w, https:\/\/medsevens.fr\/wp-content\/uploads\/2020\/04\/VANESS-370x370.png 370w, https:\/\/medsevens.fr\/wp-content\/uploads\/2020\/04\/VANESS-324x324.png 324w, https:\/\/medsevens.fr\/wp-content\/uploads\/2020\/04\/VANESS-416x416.png 416w, https:\/\/medsevens.fr\/wp-content\/uploads\/2020\/04\/VANESS.png 1080w\" sizes=\"(max-width: 300px) 100vw, 300px\" \/><\/figure>\n<\/div>\n<\/div>\n\n\n\n<p class=\"has-background\" style=\"background-color:#e50295\"><strong>Francesca Fini, ou plut\u00f4t la Ritale<\/strong> : <\/p>\n\n\n\n<div class=\"wp-block-columns is-layout-flex wp-container-core-columns-is-layout-28f84493 wp-block-columns-is-layout-flex\">\n<div class=\"wp-block-column is-layout-flow wp-block-column-is-layout-flow\">\n<p>De Juvignac, <a href=\"https:\/\/medsevens.fr\/en\/les-portraits-des-membres-es7\/les-portraits-francesca-fini\/\">Francesca<\/a> est \u00e9tudiante en Langues Etrang\u00e8res Appliqu\u00e9es Anglais-russe et vendeuse \u00e0 temps plein. Souvent en retard, elle se fera pardonner par sa bonne humeur et son temp\u00e9rament de ne jamais rien l\u00e2cher. <\/p>\n\n\n\n<p>Son envie pour l\u2019amicale&nbsp;est d\u2019\u00ab&nbsp;arriver \u00e0 trouver une bonne coh\u00e9sion pour pouvoir faire aller le plus loin Esprit Sud Sevens \u00bb.<\/p>\n<\/div>\n\n\n\n<div class=\"wp-block-column is-layout-flow wp-block-column-is-layout-flow\">\n<figure class=\"wp-block-image size-medium\"><img loading=\"lazy\" decoding=\"async\" width=\"300\" height=\"300\" src=\"https:\/\/medsevens.fr\/wp-content\/uploads\/2020\/05\/Francisca-300x300.png\" alt=\"Image de Francesca Fini en pleine action pendant un match de Sevens, pour illustrer son portrait\" class=\"wp-image-2438\" srcset=\"https:\/\/medsevens.fr\/wp-content\/uploads\/2020\/05\/Francisca-300x300.png 300w, https:\/\/medsevens.fr\/wp-content\/uploads\/2020\/05\/Francisca-100x100.png 100w, https:\/\/medsevens.fr\/wp-content\/uploads\/2020\/05\/Francisca-600x600.png 600w, https:\/\/medsevens.fr\/wp-content\/uploads\/2020\/05\/Francisca-1024x1024.png 1024w, https:\/\/medsevens.fr\/wp-content\/uploads\/2020\/05\/Francisca-150x150.png 150w, https:\/\/medsevens.fr\/wp-content\/uploads\/2020\/05\/Francisca-768x768.png 768w, https:\/\/medsevens.fr\/wp-content\/uploads\/2020\/05\/Francisca-370x370.png 370w, https:\/\/medsevens.fr\/wp-content\/uploads\/2020\/05\/Francisca-324x324.png 324w, https:\/\/medsevens.fr\/wp-content\/uploads\/2020\/05\/Francisca-416x416.png 416w, https:\/\/medsevens.fr\/wp-content\/uploads\/2020\/05\/Francisca.png 1080w\" sizes=\"(max-width: 300px) 100vw, 300px\" \/><\/figure>\n<\/div>\n<\/div>\n\n\n\n<p class=\"has-background\" style=\"background-color:#e50295\"><strong>Maud Braque alias Maudoux<\/strong> :<\/p>\n\n\n\n<div class=\"wp-block-columns is-layout-flex wp-container-core-columns-is-layout-28f84493 wp-block-columns-is-layout-flex\">\n<div class=\"wp-block-column is-layout-flow wp-block-column-is-layout-flow\">\n<p>De Lunel, <a href=\"https:\/\/medsevens.fr\/en\/les-portraits-des-membres-es7\/les-portraits-maud-braque\/\">Maud<\/a> est en Bachelor en Webmarketing. Appliqu\u00e9e, charismatique, dr\u00f4le, dynamique, positive et f\u00eatarde, toujours le sourire, elle ne se prend pas la t\u00eate. <\/p>\n\n\n\n<p>Son envie pour l\u2019amicale&nbsp;est de&nbsp;\u00ab&nbsp;faire le plus de tournoi possible et faire un max pour la coh\u00e9sion&nbsp;\u00bb<\/p>\n<\/div>\n\n\n\n<div class=\"wp-block-column is-layout-flow wp-block-column-is-layout-flow\">\n<figure class=\"wp-block-image size-medium\"><img loading=\"lazy\" decoding=\"async\" width=\"300\" height=\"300\" src=\"https:\/\/medsevens.fr\/wp-content\/uploads\/2020\/07\/MAUD-300x300.png\" alt=\"Maud Lors du week-end Coh\u00e9sion d'Esprit Sud Sevens\" class=\"wp-image-3344\" srcset=\"https:\/\/medsevens.fr\/wp-content\/uploads\/2020\/07\/MAUD-300x300.png 300w, https:\/\/medsevens.fr\/wp-content\/uploads\/2020\/07\/MAUD-100x100.png 100w, https:\/\/medsevens.fr\/wp-content\/uploads\/2020\/07\/MAUD-600x600.png 600w, https:\/\/medsevens.fr\/wp-content\/uploads\/2020\/07\/MAUD-1024x1024.png 1024w, https:\/\/medsevens.fr\/wp-content\/uploads\/2020\/07\/MAUD-150x150.png 150w, https:\/\/medsevens.fr\/wp-content\/uploads\/2020\/07\/MAUD-768x768.png 768w, https:\/\/medsevens.fr\/wp-content\/uploads\/2020\/07\/MAUD-370x370.png 370w, https:\/\/medsevens.fr\/wp-content\/uploads\/2020\/07\/MAUD-324x324.png 324w, https:\/\/medsevens.fr\/wp-content\/uploads\/2020\/07\/MAUD-416x416.png 416w, https:\/\/medsevens.fr\/wp-content\/uploads\/2020\/07\/MAUD.png 1080w\" sizes=\"(max-width: 300px) 100vw, 300px\" \/><\/figure>\n<\/div>\n<\/div>\n\n\n\n<p class=\"has-background\" style=\"background-color:#e50295\"><strong>Lamouysse, qui conna\u00eet son vrai pr\u00e9nom&nbsp;?&nbsp;&nbsp;(Apparemment Alexis Mouysset)<\/strong><\/p>\n\n\n\n<div class=\"wp-block-columns is-layout-flex wp-container-core-columns-is-layout-28f84493 wp-block-columns-is-layout-flex\">\n<div class=\"wp-block-column is-layout-flow wp-block-column-is-layout-flow\">\n<p>De B\u00e9ziers, le mannequin de l\u2019\u00e9quipe a commenc\u00e9 l\u2019aventure ES7 il y a 4 ans. Il est dessinateur industriel. <a href=\"https:\/\/medsevens.fr\/en\/les-portraits-des-membres-es7\/les-portraits-alexis-mouysset\/\">Alexis<\/a> est, selon ses mots, \u00ab&nbsp;charismatique, dynamique et bord\u00e9lique&nbsp;\u00bb.<\/p>\n\n\n\n<p>Ce charmeur et joueur de pipeau sera au p\u00f4le partenariat. Son envie pour l\u2019amicale&nbsp;: \u00ab&nbsp;Cr\u00e9er une vraie vie de groupe et une communaut\u00e9 pour l\u2019asso&nbsp;\u00bb<\/p>\n\n\n\n<p> <\/p>\n\n\n\n<p><\/p>\n<\/div>\n\n\n\n<div class=\"wp-block-column is-layout-flow wp-block-column-is-layout-flow\">\n<figure class=\"wp-block-image size-medium\"><img loading=\"lazy\" decoding=\"async\" width=\"300\" height=\"300\" src=\"https:\/\/medsevens.fr\/wp-content\/uploads\/2020\/04\/MOUISSET-300x300.png\" alt=\"Image de Alexis Mouysset en pleine action pendant un match de Sevens, pour illustrer son portrait\" class=\"wp-image-2317\" srcset=\"https:\/\/medsevens.fr\/wp-content\/uploads\/2020\/04\/MOUISSET-300x300.png 300w, https:\/\/medsevens.fr\/wp-content\/uploads\/2020\/04\/MOUISSET-100x100.png 100w, https:\/\/medsevens.fr\/wp-content\/uploads\/2020\/04\/MOUISSET-600x600.png 600w, https:\/\/medsevens.fr\/wp-content\/uploads\/2020\/04\/MOUISSET-1024x1024.png 1024w, https:\/\/medsevens.fr\/wp-content\/uploads\/2020\/04\/MOUISSET-150x150.png 150w, https:\/\/medsevens.fr\/wp-content\/uploads\/2020\/04\/MOUISSET-768x768.png 768w, https:\/\/medsevens.fr\/wp-content\/uploads\/2020\/04\/MOUISSET-370x370.png 370w, https:\/\/medsevens.fr\/wp-content\/uploads\/2020\/04\/MOUISSET-324x324.png 324w, https:\/\/medsevens.fr\/wp-content\/uploads\/2020\/04\/MOUISSET-416x416.png 416w, https:\/\/medsevens.fr\/wp-content\/uploads\/2020\/04\/MOUISSET.png 1080w\" sizes=\"(max-width: 300px) 100vw, 300px\" \/><\/figure>\n<\/div>\n<\/div>\n\n\n\n<p class=\"has-background\" style=\"background-color:#e50295\"><strong>Camille Selles, ou camcam :<\/strong><\/p>\n\n\n\n<div class=\"wp-block-columns is-layout-flex wp-container-core-columns-is-layout-28f84493 wp-block-columns-is-layout-flex\">\n<div class=\"wp-block-column is-layout-flow wp-block-column-is-layout-flow\">\n<p><a href=\"https:\/\/medsevens.fr\/en\/les-portraits-des-membres-es7\/les-portraits-camille-selles\/\">Camcam<\/a> vient de Perpignan, elle est en Licence 3 STAPS. Joueuse \u00e0 Esprit Sud Sevens depuis 3 ans, elle a toujours le sourire.<\/p>\n\n\n\n<p>Pour l\u2019amicale elle veut \u00ab&nbsp;que du fun&nbsp;\ud83d\ude09&nbsp;\u00bb<\/p>\n<\/div>\n\n\n\n<div class=\"wp-block-column is-layout-flow wp-block-column-is-layout-flow\">\n<figure class=\"wp-block-image size-medium\"><img loading=\"lazy\" decoding=\"async\" width=\"300\" height=\"300\" src=\"https:\/\/medsevens.fr\/wp-content\/uploads\/2020\/06\/CAMILLE-300x300.png\" alt=\"Image de Camille Selles, Joueuse \u00e0 Esprit Sud Sevens, En pleine action lors d'un match de rugby \u00e0 7, pour illustrer son portrait\" class=\"wp-image-2674\" srcset=\"https:\/\/medsevens.fr\/wp-content\/uploads\/2020\/06\/CAMILLE-300x300.png 300w, https:\/\/medsevens.fr\/wp-content\/uploads\/2020\/06\/CAMILLE-100x100.png 100w, https:\/\/medsevens.fr\/wp-content\/uploads\/2020\/06\/CAMILLE-600x600.png 600w, https:\/\/medsevens.fr\/wp-content\/uploads\/2020\/06\/CAMILLE-1024x1024.png 1024w, https:\/\/medsevens.fr\/wp-content\/uploads\/2020\/06\/CAMILLE-150x150.png 150w, https:\/\/medsevens.fr\/wp-content\/uploads\/2020\/06\/CAMILLE-768x768.png 768w, https:\/\/medsevens.fr\/wp-content\/uploads\/2020\/06\/CAMILLE-370x370.png 370w, https:\/\/medsevens.fr\/wp-content\/uploads\/2020\/06\/CAMILLE-324x324.png 324w, https:\/\/medsevens.fr\/wp-content\/uploads\/2020\/06\/CAMILLE-416x416.png 416w, https:\/\/medsevens.fr\/wp-content\/uploads\/2020\/06\/CAMILLE.png 1080w\" sizes=\"(max-width: 300px) 100vw, 300px\" \/><\/figure>\n<\/div>\n<\/div>\n\n\n\n<p class=\"has-background\" style=\"background-color:#e50295\"><strong>Maxime Castell, Max :<\/strong><\/p>\n\n\n\n<div class=\"wp-block-columns is-layout-flex wp-container-core-columns-is-layout-28f84493 wp-block-columns-is-layout-flex\">\n<div class=\"wp-block-column is-layout-flow wp-block-column-is-layout-flow\">\n<p>La douzi\u00e8me personne est <a href=\"https:\/\/medsevens.fr\/en\/les-portraits-des-membres-es7\/les-portraits-maxime-castell\/\">Maxime Castell<\/a>, le boss, le directeur g\u00e9n\u00e9ral d\u2019ES7, il sera le soutien du groupe.<\/p>\n<\/div>\n\n\n\n<div class=\"wp-block-column is-layout-flow wp-block-column-is-layout-flow\">\n<figure class=\"wp-block-image size-medium\"><img loading=\"lazy\" decoding=\"async\" width=\"300\" height=\"300\" src=\"https:\/\/medsevens.fr\/wp-content\/uploads\/2020\/04\/MAX-300x300.png\" alt=\"Image de Maxime Castell en pleine action pendant un match de Sevens, pour illustrer son portrait\" class=\"wp-image-2316\" srcset=\"https:\/\/medsevens.fr\/wp-content\/uploads\/2020\/04\/MAX-300x300.png 300w, https:\/\/medsevens.fr\/wp-content\/uploads\/2020\/04\/MAX-100x100.png 100w, https:\/\/medsevens.fr\/wp-content\/uploads\/2020\/04\/MAX-600x600.png 600w, https:\/\/medsevens.fr\/wp-content\/uploads\/2020\/04\/MAX-1024x1024.png 1024w, https:\/\/medsevens.fr\/wp-content\/uploads\/2020\/04\/MAX-150x150.png 150w, https:\/\/medsevens.fr\/wp-content\/uploads\/2020\/04\/MAX-768x768.png 768w, https:\/\/medsevens.fr\/wp-content\/uploads\/2020\/04\/MAX-370x370.png 370w, https:\/\/medsevens.fr\/wp-content\/uploads\/2020\/04\/MAX-324x324.png 324w, https:\/\/medsevens.fr\/wp-content\/uploads\/2020\/04\/MAX-416x416.png 416w, https:\/\/medsevens.fr\/wp-content\/uploads\/2020\/04\/MAX.png 1080w\" sizes=\"(max-width: 300px) 100vw, 300px\" \/><\/figure>\n\n\n\n<p><\/p>\n<\/div>\n<\/div>\n\n\n\n<p>Volontaires, chacun s\u2019impliquera \u00e0 son \u00e9chelle pour faire vivre le club et participer \u00e0 son \u00e9volution. La cr\u00e9ation de l\u2019amicale permet une r\u00e9elle implication des joueurs et rendra l\u2019association plus festive et dynamique.&nbsp;<\/p>\n\n\n\n<p>Membres : Camille Selles, Francesca Fini, Jos\u00e9phine Dupr\u00e9, Maud Braque, Vanessa Assiam, Violaine Moli\u00e8re, Alexis Mouysset, Guillaume Cazes, J\u00e9r\u00e9my Girard, Maxime C\u00e8be, Pierre Chastaing, Maxime Castell.<\/p>\n\n\n\n<p>Merci \u00e0 eux pour leur investissement !<\/p>\n\n\n\n<h3 class=\"wp-block-heading\">&nbsp;#10 ans d\u2019ES7<\/h3>\n\n\n\n<p>#Nossa<\/p>","protected":false},"excerpt":{"rendered":"<p>Force est de constater que l&#8217;\u00e9pid\u00e9mie n&#8217;arr\u00eate pas notre association, pour cette saison Esprit Sud Sevens lance l&#8217; Amicale des Joueurs. Groupe distinct du club, cette amicale est compos\u00e9e de douze membres : six filles\/ six gar\u00e7ons (H\u00e9 oui, vous l&#8217;aurez remarqu\u00e9 la parit\u00e9 est de mise chez Esprit Sud \ud83d\ude09 !). Ces 12 membres, [&hellip;]<\/p>\n","protected":false},"author":1,"featured_media":4001,"comment_status":"open","ping_status":"open","sticky":false,"template":"","format":"standard","meta":{"_jetpack_memberships_contains_paid_content":false,"footnotes":""},"categories":[133],"tags":[],"class_list":["post-3994","post","type-post","status-publish","format-standard","has-post-thumbnail","hentry","category-actualites-du-club"],"yoast_head":"<!-- This site is optimized with the Yoast SEO plugin v27.5 - https:\/\/yoast.com\/product\/yoast-seo-wordpress\/ -->\n<title>Pour ses 10 ans, ES7 lance son amicale des joueurs - Esprit Sud Sevens<\/title>\n<meta name=\"description\" content=\"Force est de constater que l&#039;\u00e9pid\u00e9mie n&#039;arr\u00eate pas notre association, pour cette saison Esprit Sud Sevens lance l&#039; Amicale des Joueurs.\" \/>\n<meta name=\"robots\" content=\"index, follow, max-snippet:-1, max-image-preview:large, max-video-preview:-1\" \/>\n<link rel=\"canonical\" href=\"https:\/\/medsevens.fr\/en\/actualites-du-club\/pour-ses-10-ans-es7-lance-son-amicale-des-joueurs\/\" \/>\n<meta property=\"og:locale\" content=\"en_GB\" \/>\n<meta property=\"og:type\" content=\"article\" \/>\n<meta property=\"og:title\" content=\"Pour ses 10 ans, ES7 lance son amicale des joueurs - Esprit Sud Sevens\" \/>\n<meta property=\"og:description\" content=\"Force est de constater que l&#039;\u00e9pid\u00e9mie n&#039;arr\u00eate pas notre association, pour cette saison Esprit Sud Sevens lance l&#039; Amicale des Joueurs.\" \/>\n<meta property=\"og:url\" content=\"https:\/\/medsevens.fr\/en\/actualites-du-club\/pour-ses-10-ans-es7-lance-son-amicale-des-joueurs\/\" \/>\n<meta property=\"og:site_name\" content=\"Esprit Sud Sevens\" \/>\n<meta property=\"article:publisher\" content=\"https:\/\/www.facebook.com\/espritsudsevens\/\" \/>\n<meta property=\"article:published_time\" content=\"2021-01-10T12:30:47+00:00\" \/>\n<meta property=\"article:modified_time\" content=\"2021-01-10T12:30:54+00:00\" \/>\n<meta property=\"og:image\" content=\"https:\/\/medsevens.fr\/wp-content\/uploads\/2021\/01\/Amical_paysage.jpg\" \/>\n\t<meta property=\"og:image:width\" content=\"1200\" \/>\n\t<meta property=\"og:image:height\" content=\"628\" \/>\n\t<meta property=\"og:image:type\" content=\"image\/jpeg\" \/>\n<meta name=\"author\" content=\"odussaut@free.fr\" \/>\n<meta name=\"twitter:card\" content=\"summary_large_image\" \/>\n<meta name=\"twitter:creator\" content=\"@espritsud7\" \/>\n<meta name=\"twitter:site\" content=\"@espritsud7\" \/>\n<meta name=\"twitter:label1\" content=\"Written by\" \/>\n\t<meta name=\"twitter:data1\" content=\"odussaut@free.fr\" \/>\n\t<meta name=\"twitter:label2\" content=\"Estimated reading time\" \/>\n\t<meta name=\"twitter:data2\" content=\"5 minutes\" \/>\n<script type=\"application\/ld+json\" class=\"yoast-schema-graph\">{\"@context\":\"https:\\\/\\\/schema.org\",\"@graph\":[{\"@type\":\"Article\",\"@id\":\"https:\\\/\\\/medsevens.fr\\\/en\\\/actualites-du-club\\\/pour-ses-10-ans-es7-lance-son-amicale-des-joueurs\\\/#article\",\"isPartOf\":{\"@id\":\"https:\\\/\\\/medsevens.fr\\\/en\\\/actualites-du-club\\\/pour-ses-10-ans-es7-lance-son-amicale-des-joueurs\\\/\"},\"author\":{\"name\":\"odussaut@free.fr\",\"@id\":\"https:\\\/\\\/medsevens.fr\\\/#\\\/schema\\\/person\\\/7a16bf788a9fd022be4adcb48f774bac\"},\"headline\":\"Pour ses 10 ans, ES7 lance son amicale des joueurs\",\"datePublished\":\"2021-01-10T12:30:47+00:00\",\"dateModified\":\"2021-01-10T12:30:54+00:00\",\"mainEntityOfPage\":{\"@id\":\"https:\\\/\\\/medsevens.fr\\\/en\\\/actualites-du-club\\\/pour-ses-10-ans-es7-lance-son-amicale-des-joueurs\\\/\"},\"wordCount\":943,\"commentCount\":0,\"publisher\":{\"@id\":\"https:\\\/\\\/medsevens.fr\\\/#organization\"},\"image\":{\"@id\":\"https:\\\/\\\/medsevens.fr\\\/en\\\/actualites-du-club\\\/pour-ses-10-ans-es7-lance-son-amicale-des-joueurs\\\/#primaryimage\"},\"thumbnailUrl\":\"https:\\\/\\\/medsevens.fr\\\/wp-content\\\/uploads\\\/2021\\\/01\\\/Amical_paysage.jpg\",\"articleSection\":[\"Actualit\u00e9s du club\"],\"inLanguage\":\"en-GB\",\"potentialAction\":[{\"@type\":\"CommentAction\",\"name\":\"Comment\",\"target\":[\"https:\\\/\\\/medsevens.fr\\\/en\\\/actualites-du-club\\\/pour-ses-10-ans-es7-lance-son-amicale-des-joueurs\\\/#respond\"]}]},{\"@type\":\"WebPage\",\"@id\":\"https:\\\/\\\/medsevens.fr\\\/en\\\/actualites-du-club\\\/pour-ses-10-ans-es7-lance-son-amicale-des-joueurs\\\/\",\"url\":\"https:\\\/\\\/medsevens.fr\\\/en\\\/actualites-du-club\\\/pour-ses-10-ans-es7-lance-son-amicale-des-joueurs\\\/\",\"name\":\"Pour ses 10 ans, ES7 lance son amicale des joueurs - Esprit Sud Sevens\",\"isPartOf\":{\"@id\":\"https:\\\/\\\/medsevens.fr\\\/#website\"},\"primaryImageOfPage\":{\"@id\":\"https:\\\/\\\/medsevens.fr\\\/en\\\/actualites-du-club\\\/pour-ses-10-ans-es7-lance-son-amicale-des-joueurs\\\/#primaryimage\"},\"image\":{\"@id\":\"https:\\\/\\\/medsevens.fr\\\/en\\\/actualites-du-club\\\/pour-ses-10-ans-es7-lance-son-amicale-des-joueurs\\\/#primaryimage\"},\"thumbnailUrl\":\"https:\\\/\\\/medsevens.fr\\\/wp-content\\\/uploads\\\/2021\\\/01\\\/Amical_paysage.jpg\",\"datePublished\":\"2021-01-10T12:30:47+00:00\",\"dateModified\":\"2021-01-10T12:30:54+00:00\",\"description\":\"Force est de constater que l'\u00e9pid\u00e9mie n'arr\u00eate pas notre association, pour cette saison Esprit Sud Sevens lance l' Amicale des Joueurs.\",\"breadcrumb\":{\"@id\":\"https:\\\/\\\/medsevens.fr\\\/en\\\/actualites-du-club\\\/pour-ses-10-ans-es7-lance-son-amicale-des-joueurs\\\/#breadcrumb\"},\"inLanguage\":\"en-GB\",\"potentialAction\":[{\"@type\":\"ReadAction\",\"target\":[\"https:\\\/\\\/medsevens.fr\\\/en\\\/actualites-du-club\\\/pour-ses-10-ans-es7-lance-son-amicale-des-joueurs\\\/\"]}]},{\"@type\":\"ImageObject\",\"inLanguage\":\"en-GB\",\"@id\":\"https:\\\/\\\/medsevens.fr\\\/en\\\/actualites-du-club\\\/pour-ses-10-ans-es7-lance-son-amicale-des-joueurs\\\/#primaryimage\",\"url\":\"https:\\\/\\\/medsevens.fr\\\/wp-content\\\/uploads\\\/2021\\\/01\\\/Amical_paysage.jpg\",\"contentUrl\":\"https:\\\/\\\/medsevens.fr\\\/wp-content\\\/uploads\\\/2021\\\/01\\\/Amical_paysage.jpg\",\"width\":1200,\"height\":628},{\"@type\":\"BreadcrumbList\",\"@id\":\"https:\\\/\\\/medsevens.fr\\\/en\\\/actualites-du-club\\\/pour-ses-10-ans-es7-lance-son-amicale-des-joueurs\\\/#breadcrumb\",\"itemListElement\":[{\"@type\":\"ListItem\",\"position\":1,\"name\":\"Home\",\"item\":\"https:\\\/\\\/medsevens.fr\\\/\"},{\"@type\":\"ListItem\",\"position\":2,\"name\":\"Pour ses 10 ans, ES7 lance son amicale des joueurs\"}]},{\"@type\":\"WebSite\",\"@id\":\"https:\\\/\\\/medsevens.fr\\\/#website\",\"url\":\"https:\\\/\\\/medsevens.fr\\\/\",\"name\":\"Esprit Sud Sevens\",\"description\":\"Sea, Sun and Sevens\",\"publisher\":{\"@id\":\"https:\\\/\\\/medsevens.fr\\\/#organization\"},\"potentialAction\":[{\"@type\":\"SearchAction\",\"target\":{\"@type\":\"EntryPoint\",\"urlTemplate\":\"https:\\\/\\\/medsevens.fr\\\/?s={search_term_string}\"},\"query-input\":{\"@type\":\"PropertyValueSpecification\",\"valueRequired\":true,\"valueName\":\"search_term_string\"}}],\"inLanguage\":\"en-GB\"},{\"@type\":\"Organization\",\"@id\":\"https:\\\/\\\/medsevens.fr\\\/#organization\",\"name\":\"Esprit Sud Sevenes\",\"url\":\"https:\\\/\\\/medsevens.fr\\\/\",\"logo\":{\"@type\":\"ImageObject\",\"inLanguage\":\"en-GB\",\"@id\":\"https:\\\/\\\/medsevens.fr\\\/#\\\/schema\\\/logo\\\/image\\\/\",\"url\":\"https:\\\/\\\/medsevens.fr\\\/wp-content\\\/uploads\\\/2020\\\/04\\\/Sans-titre-1.png\",\"contentUrl\":\"https:\\\/\\\/medsevens.fr\\\/wp-content\\\/uploads\\\/2020\\\/04\\\/Sans-titre-1.png\",\"width\":150,\"height\":150,\"caption\":\"Esprit Sud Sevenes\"},\"image\":{\"@id\":\"https:\\\/\\\/medsevens.fr\\\/#\\\/schema\\\/logo\\\/image\\\/\"},\"sameAs\":[\"https:\\\/\\\/www.facebook.com\\\/espritsudsevens\\\/\",\"https:\\\/\\\/x.com\\\/espritsud7\",\"https:\\\/\\\/www.instagram.com\\\/espritsudsevens\\\/\",\"https:\\\/\\\/www.linkedin.com\\\/company\\\/46645187\\\/\",\"https:\\\/\\\/www.youtube.com\\\/channel\\\/UCLxo6q7LE_zP7fVXGtgvvtQ\"]},{\"@type\":\"Person\",\"@id\":\"https:\\\/\\\/medsevens.fr\\\/#\\\/schema\\\/person\\\/7a16bf788a9fd022be4adcb48f774bac\",\"name\":\"odussaut@free.fr\",\"image\":{\"@type\":\"ImageObject\",\"inLanguage\":\"en-GB\",\"@id\":\"https:\\\/\\\/secure.gravatar.com\\\/avatar\\\/3c9ef9e5a9ecca3d05a8fdcad378e059ae1caa52c48d3d97300dc397f03b8461?s=96&d=mm&r=g\",\"url\":\"https:\\\/\\\/secure.gravatar.com\\\/avatar\\\/3c9ef9e5a9ecca3d05a8fdcad378e059ae1caa52c48d3d97300dc397f03b8461?s=96&d=mm&r=g\",\"contentUrl\":\"https:\\\/\\\/secure.gravatar.com\\\/avatar\\\/3c9ef9e5a9ecca3d05a8fdcad378e059ae1caa52c48d3d97300dc397f03b8461?s=96&d=mm&r=g\",\"caption\":\"odussaut@free.fr\"},\"url\":\"https:\\\/\\\/medsevens.fr\\\/en\\\/author\\\/odussautfree-fr\\\/\"}]}<\/script>\n<!-- \/ Yoast SEO plugin. -->","yoast_head_json":{"title":"Pour ses 10 ans, ES7 lance son amicale des joueurs - Esprit Sud Sevens","description":"Force est de constater que l'\u00e9pid\u00e9mie n'arr\u00eate pas notre association, pour cette saison Esprit Sud Sevens lance l' Amicale des Joueurs.","robots":{"index":"index","follow":"follow","max-snippet":"max-snippet:-1","max-image-preview":"max-image-preview:large","max-video-preview":"max-video-preview:-1"},"canonical":"https:\/\/medsevens.fr\/en\/actualites-du-club\/pour-ses-10-ans-es7-lance-son-amicale-des-joueurs\/","og_locale":"en_GB","og_type":"article","og_title":"Pour ses 10 ans, ES7 lance son amicale des joueurs - Esprit Sud Sevens","og_description":"Force est de constater que l'\u00e9pid\u00e9mie n'arr\u00eate pas notre association, pour cette saison Esprit Sud Sevens lance l' Amicale des Joueurs.","og_url":"https:\/\/medsevens.fr\/en\/actualites-du-club\/pour-ses-10-ans-es7-lance-son-amicale-des-joueurs\/","og_site_name":"Esprit Sud Sevens","article_publisher":"https:\/\/www.facebook.com\/espritsudsevens\/","article_published_time":"2021-01-10T12:30:47+00:00","article_modified_time":"2021-01-10T12:30:54+00:00","og_image":[{"width":1200,"height":628,"url":"https:\/\/medsevens.fr\/wp-content\/uploads\/2021\/01\/Amical_paysage.jpg","type":"image\/jpeg"}],"author":"odussaut@free.fr","twitter_card":"summary_large_image","twitter_creator":"@espritsud7","twitter_site":"@espritsud7","twitter_misc":{"Written by":"odussaut@free.fr","Estimated reading time":"5 minutes"},"schema":{"@context":"https:\/\/schema.org","@graph":[{"@type":"Article","@id":"https:\/\/medsevens.fr\/en\/actualites-du-club\/pour-ses-10-ans-es7-lance-son-amicale-des-joueurs\/#article","isPartOf":{"@id":"https:\/\/medsevens.fr\/en\/actualites-du-club\/pour-ses-10-ans-es7-lance-son-amicale-des-joueurs\/"},"author":{"name":"odussaut@free.fr","@id":"https:\/\/medsevens.fr\/#\/schema\/person\/7a16bf788a9fd022be4adcb48f774bac"},"headline":"Pour ses 10 ans, ES7 lance son amicale des joueurs","datePublished":"2021-01-10T12:30:47+00:00","dateModified":"2021-01-10T12:30:54+00:00","mainEntityOfPage":{"@id":"https:\/\/medsevens.fr\/en\/actualites-du-club\/pour-ses-10-ans-es7-lance-son-amicale-des-joueurs\/"},"wordCount":943,"commentCount":0,"publisher":{"@id":"https:\/\/medsevens.fr\/#organization"},"image":{"@id":"https:\/\/medsevens.fr\/en\/actualites-du-club\/pour-ses-10-ans-es7-lance-son-amicale-des-joueurs\/#primaryimage"},"thumbnailUrl":"https:\/\/medsevens.fr\/wp-content\/uploads\/2021\/01\/Amical_paysage.jpg","articleSection":["Actualit\u00e9s du club"],"inLanguage":"en-GB","potentialAction":[{"@type":"CommentAction","name":"Comment","target":["https:\/\/medsevens.fr\/en\/actualites-du-club\/pour-ses-10-ans-es7-lance-son-amicale-des-joueurs\/#respond"]}]},{"@type":"WebPage","@id":"https:\/\/medsevens.fr\/en\/actualites-du-club\/pour-ses-10-ans-es7-lance-son-amicale-des-joueurs\/","url":"https:\/\/medsevens.fr\/en\/actualites-du-club\/pour-ses-10-ans-es7-lance-son-amicale-des-joueurs\/","name":"Pour ses 10 ans, ES7 lance son amicale des joueurs - Esprit Sud Sevens","isPartOf":{"@id":"https:\/\/medsevens.fr\/#website"},"primaryImageOfPage":{"@id":"https:\/\/medsevens.fr\/en\/actualites-du-club\/pour-ses-10-ans-es7-lance-son-amicale-des-joueurs\/#primaryimage"},"image":{"@id":"https:\/\/medsevens.fr\/en\/actualites-du-club\/pour-ses-10-ans-es7-lance-son-amicale-des-joueurs\/#primaryimage"},"thumbnailUrl":"https:\/\/medsevens.fr\/wp-content\/uploads\/2021\/01\/Amical_paysage.jpg","datePublished":"2021-01-10T12:30:47+00:00","dateModified":"2021-01-10T12:30:54+00:00","description":"Force est de constater que l'\u00e9pid\u00e9mie n'arr\u00eate pas notre association, pour cette saison Esprit Sud Sevens lance l' Amicale des Joueurs.","breadcrumb":{"@id":"https:\/\/medsevens.fr\/en\/actualites-du-club\/pour-ses-10-ans-es7-lance-son-amicale-des-joueurs\/#breadcrumb"},"inLanguage":"en-GB","potentialAction":[{"@type":"ReadAction","target":["https:\/\/medsevens.fr\/en\/actualites-du-club\/pour-ses-10-ans-es7-lance-son-amicale-des-joueurs\/"]}]},{"@type":"ImageObject","inLanguage":"en-GB","@id":"https:\/\/medsevens.fr\/en\/actualites-du-club\/pour-ses-10-ans-es7-lance-son-amicale-des-joueurs\/#primaryimage","url":"https:\/\/medsevens.fr\/wp-content\/uploads\/2021\/01\/Amical_paysage.jpg","contentUrl":"https:\/\/medsevens.fr\/wp-content\/uploads\/2021\/01\/Amical_paysage.jpg","width":1200,"height":628},{"@type":"BreadcrumbList","@id":"https:\/\/medsevens.fr\/en\/actualites-du-club\/pour-ses-10-ans-es7-lance-son-amicale-des-joueurs\/#breadcrumb","itemListElement":[{"@type":"ListItem","position":1,"name":"Home","item":"https:\/\/medsevens.fr\/"},{"@type":"ListItem","position":2,"name":"Pour ses 10 ans, ES7 lance son amicale des joueurs"}]},{"@type":"WebSite","@id":"https:\/\/medsevens.fr\/#website","url":"https:\/\/medsevens.fr\/","name":"Esprit Sud Sevens","description":"Sea, Sun and Sevens","publisher":{"@id":"https:\/\/medsevens.fr\/#organization"},"potentialAction":[{"@type":"SearchAction","target":{"@type":"EntryPoint","urlTemplate":"https:\/\/medsevens.fr\/?s={search_term_string}"},"query-input":{"@type":"PropertyValueSpecification","valueRequired":true,"valueName":"search_term_string"}}],"inLanguage":"en-GB"},{"@type":"Organization","@id":"https:\/\/medsevens.fr\/#organization","name":"Esprit Sud Sevenes","url":"https:\/\/medsevens.fr\/","logo":{"@type":"ImageObject","inLanguage":"en-GB","@id":"https:\/\/medsevens.fr\/#\/schema\/logo\/image\/","url":"https:\/\/medsevens.fr\/wp-content\/uploads\/2020\/04\/Sans-titre-1.png","contentUrl":"https:\/\/medsevens.fr\/wp-content\/uploads\/2020\/04\/Sans-titre-1.png","width":150,"height":150,"caption":"Esprit Sud Sevenes"},"image":{"@id":"https:\/\/medsevens.fr\/#\/schema\/logo\/image\/"},"sameAs":["https:\/\/www.facebook.com\/espritsudsevens\/","https:\/\/x.com\/espritsud7","https:\/\/www.instagram.com\/espritsudsevens\/","https:\/\/www.linkedin.com\/company\/46645187\/","https:\/\/www.youtube.com\/channel\/UCLxo6q7LE_zP7fVXGtgvvtQ"]},{"@type":"Person","@id":"https:\/\/medsevens.fr\/#\/schema\/person\/7a16bf788a9fd022be4adcb48f774bac","name":"odussaut@free.fr","image":{"@type":"ImageObject","inLanguage":"en-GB","@id":"https:\/\/secure.gravatar.com\/avatar\/3c9ef9e5a9ecca3d05a8fdcad378e059ae1caa52c48d3d97300dc397f03b8461?s=96&d=mm&r=g","url":"https:\/\/secure.gravatar.com\/avatar\/3c9ef9e5a9ecca3d05a8fdcad378e059ae1caa52c48d3d97300dc397f03b8461?s=96&d=mm&r=g","contentUrl":"https:\/\/secure.gravatar.com\/avatar\/3c9ef9e5a9ecca3d05a8fdcad378e059ae1caa52c48d3d97300dc397f03b8461?s=96&d=mm&r=g","caption":"odussaut@free.fr"},"url":"https:\/\/medsevens.fr\/en\/author\/odussautfree-fr\/"}]}},"jetpack_featured_media_url":"https:\/\/medsevens.fr\/wp-content\/uploads\/2021\/01\/Amical_paysage.jpg","jetpack_sharing_enabled":true,"_links":{"self":[{"href":"https:\/\/medsevens.fr\/en\/wp-json\/wp\/v2\/posts\/3994","targetHints":{"allow":["GET"]}}],"collection":[{"href":"https:\/\/medsevens.fr\/en\/wp-json\/wp\/v2\/posts"}],"about":[{"href":"https:\/\/medsevens.fr\/en\/wp-json\/wp\/v2\/types\/post"}],"author":[{"embeddable":true,"href":"https:\/\/medsevens.fr\/en\/wp-json\/wp\/v2\/users\/1"}],"replies":[{"embeddable":true,"href":"https:\/\/medsevens.fr\/en\/wp-json\/wp\/v2\/comments?post=3994"}],"version-history":[{"count":0,"href":"https:\/\/medsevens.fr\/en\/wp-json\/wp\/v2\/posts\/3994\/revisions"}],"wp:featuredmedia":[{"embeddable":true,"href":"https:\/\/medsevens.fr\/en\/wp-json\/wp\/v2\/media\/4001"}],"wp:attachment":[{"href":"https:\/\/medsevens.fr\/en\/wp-json\/wp\/v2\/media?parent=3994"}],"wp:term":[{"taxonomy":"category","embeddable":true,"href":"https:\/\/medsevens.fr\/en\/wp-json\/wp\/v2\/categories?post=3994"},{"taxonomy":"post_tag","embeddable":true,"href":"https:\/\/medsevens.fr\/en\/wp-json\/wp\/v2\/tags?post=3994"}],"curies":[{"name":"wp","href":"https:\/\/api.w.org\/{rel}","templated":true}]}}